{"id":187281,"date":"2021-08-23T17:24:17","date_gmt":"2021-08-23T20:24:17","guid":{"rendered":"https:\/\/diarioregionaldigital.com.br\/?p=187281"},"modified":"2021-08-23T17:24:17","modified_gmt":"2021-08-23T20:24:17","slug":"minas-distribuiu-mais-de-825-mil-doses-contra-covid-nesta-segunda-feira-23-8","status":"publish","type":"post","link":"https:\/\/diarioregionaldigital.com.br\/?p=187281","title":{"rendered":"Minas distribuiu mais de 825 mil doses contra covid nesta segunda-feira (23\/8)"},"content":{"rendered":"<p>O\u00a0<a href=\"http:\/\/www.mg.gov.br\/\" target=\"_blank\" rel=\"noopener\">Governo de Minas<\/a>\u00a0inicia, na segunda-feira (23\/8), a distribui\u00e7\u00e3o de mais 825.190 imunizantes contra covid-19. Essa \u00e9 a 41\u00aa remessa enviada pelo Minist\u00e9rio da Sa\u00fade e conta com 419.200 doses da CoronaVac e 405.990 da Pfizer. No fim de semana ser\u00e1 realizada a log\u00edstica de distribui\u00e7\u00e3o dos imunizantes \u2013 contagem e separa\u00e7\u00e3o dos quantitativos que ser\u00e3o encaminhados \u00e0s Unidades Regionais de Sa\u00fade (URSs) e aos munic\u00edpios.<\/p>\n<p>As doses ser\u00e3o direcionadas para o atendimento das pessoas por faixa et\u00e1ria descendente. Caber\u00e1 aos gestores municipais, ao identificar especificidade local que possa trazer riscos de manuten\u00e7\u00e3o das atividades essenciais, imunizar as pessoas envolvidas, seguindo a faixa et\u00e1ria na ordem descendente, utilizando as doses j\u00e1 enviadas pela\u00a0<a href=\"http:\/\/www.saude.mg.gov.br\/\" target=\"_blank\" rel=\"noopener\">Secretaria de Estado de Sa\u00fade de Minas Gerais (SES-MG)<\/a>. Esta \u00e9 a maior opera\u00e7\u00e3o de vacina\u00e7\u00e3o da hist\u00f3ria de Minas Gerais.<\/p>\n<p>&nbsp;<\/p>\n<ul>\n<li><a href=\"http:\/\/www.agenciaminas.mg.gov.br\/ckeditor_assets\/attachments\/11850\/41_remessa_para_jornalismo.xlsx\" target=\"_blank\" rel=\"noopener\">Clique aqui<\/a>\u00a0para acessar a planilha de distribui\u00e7\u00e3o da 41\u00aa remessa.<\/li>\n<\/ul>\n<p><strong>Log\u00edstica de Distribui\u00e7\u00e3o<\/strong><\/p>\n<p><u>Receber\u00e3o vacinas por aeronaves do estado as seguintes URSs<\/u>:<br \/>\n&#8211; SRS Montes Claros<br \/>\n&#8211; SRS Patos de Minas<br \/>\n&#8211; SRS Te\u00f3filo Otoni<br \/>\n&#8211; SRS Uberl\u00e2ndia<br \/>\n&#8211; GRS Una\u00ed<\/p>\n<p><u>Retirar\u00e3o as vacinas no aer\u00f3dromo ou na Rede de Frio da URS polo ou receber\u00e3o em sua pr\u00f3pria Rede de Frio as seguintes URSs:<\/u><br \/>\n&#8211; SRS Governador Valadares<br \/>\n&#8211; GRS Ituiutaba<br \/>\n&#8211; GRS Janu\u00e1ria<br \/>\n&#8211; SRS Juiz de Fora<br \/>\n&#8211; GRS Leopoldina<br \/>\n&#8211; SRS Passos<br \/>\n&#8211; GRS Pedra Azul<br \/>\n&#8211; GRS Pirapora<br \/>\n&#8211; SRS Ponte Nova<br \/>\n&#8211; GRS S\u00e3o Jo\u00e3o del-Rei<br \/>\n&#8211; SRS Uberaba<br \/>\n&#8211; SRS Varginha<\/p>\n<p><u>Retirar\u00e3o as vacinas na Central Estadual de Rede de Frio as seguintes URSs<\/u>:<br \/>\n&#8211; SRS Alfenas<br \/>\n&#8211; SRS Barbacena<br \/>\n&#8211; SRS Belo Horizonte<br \/>\n&#8211; SRS Coronel Fabriciano<br \/>\n&#8211; SRS Diamantina<br \/>\n&#8211; SRS Divin\u00f3polis<br \/>\n&#8211; GRS Itabira<br \/>\n&#8211; SRS Manhua\u00e7u<br \/>\n&#8211; SRS Pouso Alegre<br \/>\n&#8211; SRS Sete Lagoas<br \/>\n&#8211; GRS Ub\u00e1<\/p>\n<p><span style=\"font-weight: 400;\">Fonte: Ag\u00eancia Minas <\/span><\/p>\n","protected":false},"excerpt":{"rendered":"<p>O\u00a0Governo de Minas\u00a0inicia, na segunda-feira (23\/8), a distribui\u00e7\u00e3o de mais 825.190 imunizantes contra covid-19. Essa \u00e9 a 41\u00aa remessa enviada pelo Minist\u00e9rio da Sa\u00fade e conta com 419.200 doses da CoronaVac e 405.990 da Pfizer. No fim de semana ser\u00e1 realizada a log\u00edstica de distribui\u00e7\u00e3o dos imunizantes \u2013 contagem e separa\u00e7\u00e3o dos quantitativos que ser\u00e3o [&hellip;]<\/p>\n","protected":false},"author":246,"featured_media":187282,"comment_status":"closed","ping_status":"closed","sticky":false,"template":"","format":"standard","meta":{"footnotes":""},"categories":[436,254,439],"tags":[],"class_list":["post-187281","post","type-post","status-publish","format-standard","has-post-thumbnail","hentry","category-destaque-da-semana","category-politica","category-ultima-hora"],"_links":{"self":[{"href":"https:\/\/diarioregionaldigital.com.br\/index.php?rest_route=\/wp\/v2\/posts\/187281","targetHints":{"allow":["GET"]}}],"collection":[{"href":"https:\/\/diarioregionaldigital.com.br\/index.php?rest_route=\/wp\/v2\/posts"}],"about":[{"href":"https:\/\/diarioregionaldigital.com.br\/index.php?rest_route=\/wp\/v2\/types\/post"}],"author":[{"embeddable":true,"href":"https:\/\/diarioregionaldigital.com.br\/index.php?rest_route=\/wp\/v2\/users\/246"}],"replies":[{"embeddable":true,"href":"https:\/\/diarioregionaldigital.com.br\/index.php?rest_route=%2Fwp%2Fv2%2Fcomments&post=187281"}],"version-history":[{"count":1,"href":"https:\/\/diarioregionaldigital.com.br\/index.php?rest_route=\/wp\/v2\/posts\/187281\/revisions"}],"predecessor-version":[{"id":187283,"href":"https:\/\/diarioregionaldigital.com.br\/index.php?rest_route=\/wp\/v2\/posts\/187281\/revisions\/187283"}],"wp:featuredmedia":[{"embeddable":true,"href":"https:\/\/diarioregionaldigital.com.br\/index.php?rest_route=\/wp\/v2\/media\/187282"}],"wp:attachment":[{"href":"https:\/\/diarioregionaldigital.com.br\/index.php?rest_route=%2Fwp%2Fv2%2Fmedia&parent=187281"}],"wp:term":[{"taxonomy":"category","embeddable":true,"href":"https:\/\/diarioregionaldigital.com.br\/index.php?rest_route=%2Fwp%2Fv2%2Fcategories&post=187281"},{"taxonomy":"post_tag","embeddable":true,"href":"https:\/\/diarioregionaldigital.com.br\/index.php?rest_route=%2Fwp%2Fv2%2Ftags&post=187281"}],"curies":[{"name":"wp","href":"https:\/\/api.w.org\/{rel}","templated":true}]}}