{"id":187277,"date":"2021-08-23T17:21:18","date_gmt":"2021-08-23T20:21:18","guid":{"rendered":"https:\/\/diarioregionaldigital.com.br\/?p=187277"},"modified":"2021-08-23T17:21:48","modified_gmt":"2021-08-23T20:21:48","slug":"operacao-maria-da-penha-combate-violencia-domestica-em-todo-o-estado","status":"publish","type":"post","link":"https:\/\/diarioregionaldigital.com.br\/?p=187277","title":{"rendered":"Opera\u00e7\u00e3o Maria da Penha combate viol\u00eancia dom\u00e9stica em todo o estado"},"content":{"rendered":"<p>As For\u00e7as de Seguran\u00e7a P\u00fablica de Minas Gerais se uniram, nesta segunda-feira (23\/8), em uma opera\u00e7\u00e3o de combate \u00e0 viol\u00eancia e preven\u00e7\u00e3o ao feminic\u00eddio. Sob coordena\u00e7\u00e3o da\u00a0da\u00a0<a href=\"http:\/\/www.seguranca.mg.gov.br\/\" target=\"_blank\" rel=\"noopener\">Secretaria de Estado de Justi\u00e7a e Seguran\u00e7a P\u00fablica (Sejusp)<\/a>, foram desenvolvidas a\u00e7\u00f5es em\u00a0em Belo Horizonte e\u00a0nas 19 Regi\u00f5es Integradas de Seguran\u00e7a P\u00fablica (Risps) do Estado.<\/p>\n<p>&#8220;\u00c9 uma urg\u00eancia o combate ao feminic\u00eddio e \u00e0 viol\u00eancia domestica de uma forma geral. E, hoje, todas as for\u00e7as est\u00e3o integradas nessa luta e nesse combate&#8221;, ressalta\u00a0o secret\u00e1rio de Justi\u00e7a e Seguran\u00e7a P\u00fablica de Minas Gerias, Rog\u00e9rio Greco.\u00a0Segundo ele, o foco maior das a\u00e7\u00f5es, nesta data, est\u00e1 na preven\u00e7\u00e3o e\u00a0conscientiza\u00e7\u00e3o da sociedade. &#8220;Muitas vezes, a mulher tem medo de buscar socorro junto \u00e0 Justi\u00e7a.\u00a0Ent\u00e3o, a campanha \u00e9 justamente para isso, para que ela acredite na seguran\u00e7a p\u00fablica. Ela pode contar conosco 24 horas por dia, sete dias por semana\u201d, refor\u00e7a o secret\u00e1rio.<\/p>\n<p><strong>Opera\u00e7\u00e3o<\/strong><\/p>\n<p>As atividades foram realizadas de forma integrada com a\u00a0<a href=\"http:\/\/www.policiamilitar.mg.gov.br\/\" target=\"_blank\" rel=\"noopener\">Pol\u00edcia Militar de Minas Gerais (PMMG)<\/a>,\u00a0<a href=\"http:\/\/www.policiacivil.mg.gov.br\/\" target=\"_blank\" rel=\"noopener\">Pol\u00edcia Civil de Minas Gerais (PCMG)<\/a>,\u00a0<a href=\"http:\/\/www.bombeiros.mg.gov.br\/\" target=\"_blank\" rel=\"noopener\">Corpo de Bombeiros Militar de Minas Gerais (CBMMG)<\/a>,\u00a0<a href=\"http:\/\/www.depen.seguranca.mg.gov.br\/\" target=\"_blank\" rel=\"noopener\">Departamento Penitenci\u00e1rio de Minas Gerais (Depen-MG)<\/a>\u00a0e\u00a0Subsecretaria de Preven\u00e7\u00e3o \u00e0 Criminalidade (Supec).<\/p>\n<p>Durante a opera\u00e7\u00e3o, foram cumpridos mandados de busca e apreens\u00e3o e de pris\u00e3o pela Pol\u00edcia Civil nas 19 Risps, al\u00e9m de\u00a0medidas protetivas de urg\u00eancia. O lan\u00e7amento da opera\u00e7\u00e3o na Pra\u00e7a da Esta\u00e7\u00e3o contou com a presen\u00e7a do secret\u00e1rio da Sejusp, Rog\u00e9rio Greco, e do chefe da Pol\u00edcia Civil de Minas Gerais, delegado-geral Joaquim Francisco Neto e Silva.<\/p>\n<p>\u201c\u00c9 preciso mudar a cultura da viol\u00eancia. Por isso, al\u00e9m dos cumprimentos de mandados, estamos realizando campanhas de conscientiza\u00e7\u00e3o com as mulheres em todo o estado. Todas as delegacias regionais da Pol\u00edcia Civil\u00a0t\u00eam uma Delegacia Especializada de Atendimento \u00e0 Mulher. E seguimos realizando treinamentos constantemente para estarmos cada vez mais capacitados para esse tipo de atendimento&#8221;, frisa o chefe da PCMG.<\/p>\n<p>A Pol\u00edcia Militar, por sua vez, d\u00e1\u00a0apoio aos cumprimentos de mandados, al\u00e9m de realizar visitas tranquilizadoras \u00e0s v\u00edtimas e\u00a0aos agressores da Lei Maria da Penha, incluindo\u00a0a\u00e7\u00f5es no interior, como tem feito ao longo de todo o m\u00eas de agosto. Para o coronel Gilmar Luciano, que tamb\u00e9m participou da a\u00e7\u00e3o em Belo Horizonte, a parte mais importante nesse dia de combate ao feminic\u00eddio \u00e9 falar da integra\u00e7\u00e3o e\u00a0uni\u00e3o de esfor\u00e7os entre as for\u00e7as de seguran\u00e7a.<\/p>\n<p>&#8220;Estamos focando nas a\u00e7\u00f5es de preven\u00e7\u00e3o com as visitas tranquilizadoras, por meio de um cronograma em parceria com a Pol\u00edcia Civil,\u00a0em que\u00a0realizamos visitas a mulheres que j\u00e1 foram v\u00edtimas de viol\u00eancia em algum momento da vida. H\u00e1 tamb\u00e9m as campanhas orientando a mulher: \u00a0caso sofra\u00a0qualquer tipo de viol\u00eancia, que ela busque um dos \u00f3rg\u00e3os para que, de maneira proativa, possamos impedir essa viol\u00eancia&#8221;, destaca\u00a0o coronel.\u00a0&#8220;Qualquer policial militar, policial civil, qualquer base de seguran\u00e7a comunit\u00e1ria, qualquer quartel ou delegacia est\u00e3o preparados para receber e acolher essa mulher&#8221;, completa.<\/p>\n<p>Gilmar Luciano detalha, ainda, que as Patrulhas de Preven\u00e7\u00e3o \u00e0 Viol\u00eancia Dom\u00e9stica (PPVD) s\u00e3o preferencialmente compostas por uma policial mulher, para gerar essa aproxima\u00e7\u00e3o.\u00a0Ainda nesta semana, um curso de capacita\u00e7\u00e3o com militares de v\u00e1rias regi\u00f5es de Minas vai aprimorar ainda mais a\u00a0atua\u00e7\u00e3o nas PPVD.<\/p>\n<p><strong>Preven\u00e7\u00e3o<\/strong><\/p>\n<p>Equipes da Subsecretaria de Preven\u00e7\u00e3o \u00e0 Criminalidade estiveram na Pra\u00e7a da Esta\u00e7\u00e3o durante o lan\u00e7amento da opera\u00e7\u00e3o para divulgar os seus programas, que atuam tanto com as v\u00edtimas quanto com os agressores.<\/p>\n<p>A Pol\u00edtica de Preven\u00e7\u00e3o Social\u00a0\u00e0 Criminalidade conta com dois programas que t\u00eam atua\u00e7\u00e3o espec\u00edfica no enfretamento \u00e0\u00a0viol\u00eancia contra a mulher: o Programa Media\u00e7\u00e3o de Conflitos, que atende\u00a0mulheres v\u00edtimas de viol\u00eancia, dando suporte para que elas consigam romper com o ciclo de viol\u00eancia; e a\u00a0Central de Acompanhamento de Alternativas Penais (Ceapa),\u00a0que trabalha com a responsabiliza\u00e7\u00e3o dos\u00a0homens que est\u00e3o respondendo pela Lei Maria da Penha.<\/p>\n<p>Para a subsecret\u00e1ria de Preven\u00e7\u00e3o \u00e0 Criminalidade da Sejusp, Andreza Gomes, tamb\u00e9m presente no lan\u00e7amento da opera\u00e7\u00e3o, \u00e9 necess\u00e1ria a divulga\u00e7\u00e3o de que existem servi\u00e7os de seguran\u00e7a p\u00fablica dispon\u00edveis para atender as mulheres e responsabilizar os homens.<\/p>\n<p>&#8220;\u00c9 muito melhor que consigamos romper com a viol\u00eancia quando ela ainda est\u00e1 no processo inicial\u00a0ou antes que ela se torne uma tentativa de feminic\u00eddio.\u00a0Prevenir tanto a ocorr\u00eancia dessa viol\u00eancia contra a mulher quanto o agravamento dessa ocorr\u00eancia \u00e9 fundamental para que\u00a0consigamos uma redu\u00e7\u00e3o expressiva nos casos de viol\u00eancia dom\u00e9stica e feminic\u00eddios&#8221;, pontua.<\/p>\n<p>Durante o lan\u00e7amento, na capital, tamb\u00e9m houve apresenta\u00e7\u00e3o da Banda do Corpo de Bombeiros Militar e\u00a0a\u00a0entrega de material informativo para os que passavam pela Pra\u00e7a da Esta\u00e7\u00e3o, com\u00a0presen\u00e7a dos mascotes das institui\u00e7\u00f5es.<\/p>\n<p>Destaque, ainda, para o Centro Integrado de Comando e Controle (CICC) M\u00f3vel,\u00a0que esteve estacionado no local. No CICC M\u00f3vel, policiais penais realizaram in loco\u00a0o monitoramento\u00a0remoto dos portadores de tornozeleiras por enquadramento na Lei Maria da Penha.<\/p>\n<p><strong>Capilaridade<\/strong><\/p>\n<p>A opera\u00e7\u00e3o Maria da Penha\u00a0foi demandada pelo Minist\u00e9rio da Justi\u00e7a e Seguran\u00e7a P\u00fablica e acontece em todo o territ\u00f3rio brasileiro. A chefe da Divis\u00e3o Especializada em Atendimento \u00e0 Mulher, ao Idoso e \u00e0 Pessoa com Defici\u00eancia e V\u00edtimas de Intoler\u00e2ncia (Demid) da Pol\u00edcia Civil de Minas, delegada Isabella Franca, destaca\u00a0os refor\u00e7os que v\u00eam sendo empenhados neste m\u00eas de agosto no combate \u00e0 viol\u00eancia dom\u00e9stica.<\/p>\n<p>&#8220;Estamos realizando diversas a\u00e7\u00f5es preventivas, como palestras, lives e\u00a0distribui\u00e7\u00e3o de material informativo para que essas mulheres compreendam o que \u00e9 uma viol\u00eancia, onde denunciar, onde pedir ajuda. E tamb\u00e9m\u00a0a\u00e7\u00f5es repressivas, com cumprimento de mandados de busca e apreens\u00e3o para recolher principalmente armas de fogo que s\u00e3o utilizadas na amea\u00e7a contra essas mulheres, assim como cumprimentos de mandados de pris\u00e3o de autores relacionados \u00e0 viol\u00eancia dom\u00e9stica e familiar&#8221;, detalha. &#8220;\u00c9 um m\u00eas que voltamos ainda mais as aten\u00e7\u00f5es para o combate \u00e0 viol\u00eancia dom\u00e9stica. Hoje \u00e9 o Dia D, mas vamos continuar empreendendo esfor\u00e7os para responsabiliza\u00e7\u00e3o desses agressores e prote\u00e7\u00e3o dessas mulheres\u201d, acrescenta.<\/p>\n<p><strong>A\u00e7\u00f5es no Vale do Jequitinhonha<\/strong><\/p>\n<p>Tamb\u00e9m nesta segunda-feira (23\/8), em Diamantina, na regi\u00e3o Central \u2013 porta de entrada do Vale do Jequitinhonha \u2013 ocorre o lan\u00e7amento da interioriza\u00e7\u00e3o da campanha \u201cO Sil\u00eancio Tamb\u00e9m Mata, N\u00e3o Se Cale!\u201d, da Pol\u00edcia Civil. A Delegacia de Atendimento \u00e0 Mulher de Diamantina \u00e9 membro integrante da Rede de Mulheres do Alto Jequitinhonha, criada em 2018 com o objetivo de reunir esfor\u00e7os integrados para diminui\u00e7\u00e3o da viol\u00eancia dom\u00e9stica e familiar em toda a regi\u00e3o.<\/p>\n<p>Assim como em Belo Horizonte, as for\u00e7as de seguran\u00e7a est\u00e3o reunidas para cumprimento de mandados e nas ruas distribuindo informa\u00e7\u00f5es para a popula\u00e7\u00e3o. O secret\u00e1rio de Justi\u00e7a e Seguran\u00e7a P\u00fablica, Rog\u00e9rio Greco, o chefe da Pol\u00edcia Civil\u00a0de Minas Gerais, Joaquim Francisco Neto e Silva, e o diretor de opera\u00e7\u00f5es da Pol\u00edcia Militar, coronel Fl\u00e1vio Godinho, participar\u00e3o das a\u00e7\u00f5es no munic\u00edpio.<\/p>\n<p><strong>Mem\u00f3ria<\/strong><\/p>\n<p>Lilian Hem\u00f3genes da Silva, 44 anos, foi morta a mando do ex-marido no dia 23 de agosto de 2016, em Contagem, quando sa\u00eda de casa para trabalhar na Promotoria de Defesa do Direito das Mulheres do Minist\u00e9rio P\u00fablico de Minas Gerais.\u00a0A data do crime\u00a0foi escolhida, posteriormente, como o Dia Estadual de Combate ao Feminic\u00eddio, institu\u00eddo por meio da Lei 23.144, de dezembro de 2018, como s\u00edmbolo de luta pela vida das mulheres.<\/p>\n<p>A opera\u00e7\u00e3o Maria da Penha \u00e9 mais uma iniciativa das For\u00e7as de Seguran\u00e7a de Minas Gerais para que n\u00e3o haja mais mulheres v\u00edtimas desse tipo de crime.<\/p>\n<p><span style=\"font-weight: 400;\">Fonte: Ag\u00eancia Minas\u00a0<\/span><\/p>\n","protected":false},"excerpt":{"rendered":"<p>As For\u00e7as de Seguran\u00e7a P\u00fablica de Minas Gerais se uniram, nesta segunda-feira (23\/8), em uma opera\u00e7\u00e3o de combate \u00e0 viol\u00eancia e preven\u00e7\u00e3o ao feminic\u00eddio. Sob coordena\u00e7\u00e3o da\u00a0da\u00a0Secretaria de Estado de Justi\u00e7a e Seguran\u00e7a P\u00fablica (Sejusp), foram desenvolvidas a\u00e7\u00f5es em\u00a0em Belo Horizonte e\u00a0nas 19 Regi\u00f5es Integradas de Seguran\u00e7a P\u00fablica (Risps) do Estado. &#8220;\u00c9 uma urg\u00eancia o [&hellip;]<\/p>\n","protected":false},"author":246,"featured_media":187278,"comment_status":"closed","ping_status":"closed","sticky":false,"template":"","format":"standard","meta":{"footnotes":""},"categories":[436,440,254,439],"tags":[],"class_list":["post-187277","post","type-post","status-publish","format-standard","has-post-thumbnail","hentry","category-destaque-da-semana","category-destaques-do-dia","category-politica","category-ultima-hora"],"_links":{"self":[{"href":"https:\/\/diarioregionaldigital.com.br\/index.php?rest_route=\/wp\/v2\/posts\/187277","targetHints":{"allow":["GET"]}}],"collection":[{"href":"https:\/\/diarioregionaldigital.com.br\/index.php?rest_route=\/wp\/v2\/posts"}],"about":[{"href":"https:\/\/diarioregionaldigital.com.br\/index.php?rest_route=\/wp\/v2\/types\/post"}],"author":[{"embeddable":true,"href":"https:\/\/diarioregionaldigital.com.br\/index.php?rest_route=\/wp\/v2\/users\/246"}],"replies":[{"embeddable":true,"href":"https:\/\/diarioregionaldigital.com.br\/index.php?rest_route=%2Fwp%2Fv2%2Fcomments&post=187277"}],"version-history":[{"count":2,"href":"https:\/\/diarioregionaldigital.com.br\/index.php?rest_route=\/wp\/v2\/posts\/187277\/revisions"}],"predecessor-version":[{"id":187280,"href":"https:\/\/diarioregionaldigital.com.br\/index.php?rest_route=\/wp\/v2\/posts\/187277\/revisions\/187280"}],"wp:featuredmedia":[{"embeddable":true,"href":"https:\/\/diarioregionaldigital.com.br\/index.php?rest_route=\/wp\/v2\/media\/187278"}],"wp:attachment":[{"href":"https:\/\/diarioregionaldigital.com.br\/index.php?rest_route=%2Fwp%2Fv2%2Fmedia&parent=187277"}],"wp:term":[{"taxonomy":"category","embeddable":true,"href":"https:\/\/diarioregionaldigital.com.br\/index.php?rest_route=%2Fwp%2Fv2%2Fcategories&post=187277"},{"taxonomy":"post_tag","embeddable":true,"href":"https:\/\/diarioregionaldigital.com.br\/index.php?rest_route=%2Fwp%2Fv2%2Ftags&post=187277"}],"curies":[{"name":"wp","href":"https:\/\/api.w.org\/{rel}","templated":true}]}}