{"id":187261,"date":"2021-08-22T06:00:27","date_gmt":"2021-08-22T09:00:27","guid":{"rendered":"https:\/\/diarioregionaldigital.com.br\/?p=187261"},"modified":"2021-08-21T01:01:49","modified_gmt":"2021-08-21T04:01:49","slug":"um-velho-na-ativa","status":"publish","type":"post","link":"https:\/\/diarioregionaldigital.com.br\/?p=187261","title":{"rendered":"Um velho na ativa"},"content":{"rendered":"<p style=\"text-align: center;\"><strong>Um velho na ativa<\/strong><\/p>\n<p>\u00a0 \u00a0 \u00a0 \u00a0At\u00e9 que idade se pode permanecer na ativa? O certo \u00e9 que n\u00e3o existe uma resposta precisa para essa pergunta. Veja-se o caso do escritor e pensador franc\u00eas Edgard Morin. Ele est\u00e1 completando 100 anos e segue escrevendo, dando ao mundo o resultado de uma experi\u00eancia que parece n\u00e3o ter fim.<br \/>\nNelson Motta, em \u201cO Globo\u201d, defende a tese de que o tempo n\u00e3o se mede pelo calend\u00e1rio, mas pela intensidade. E d\u00e1 muitos e bons exemplos, como Marcos e Paulo S\u00e9rgio Valle, irm\u00e3os da minha professora Patr\u00edcia. A sua inspira\u00e7\u00e3o parece infinita.<br \/>\nFalar em termos pessoais nem sempre \u00e9 o melhor caminho. Mas n\u00e3o posso deixar de revelar que me sinto inteira\u00e7o aos 86 anos de idade. Fruto talvez de um passado bem vivido de atleta. Recebi um elogio recente do m\u00e9dico Paulo Niemeyer Filho: \u201cVoc\u00ea tem ossos muito bem constitu\u00eddos.\u201d E assim ele p\u00f4de operar, com sua compet\u00eancia internacional, a minha lombar que amea\u00e7ava dar mais trabalho do que deveria.<br \/>\nHoje, apear da idade, estou na plenitude das minhas atividades profissionais. Sou presidente do Conselho de Administra\u00e7\u00e3o do Centro de Integra\u00e7\u00e3o Empresa-Escola(CIEE) do Rio de Janeiro, oferecendo oportunidades de emprego a milhares de jovens estagi\u00e1rios e aprendizes.\u00a0 \u00a0 \u00a0 \u00a0 \u00a0 \u00a0 \u00a0 Fa\u00e7o lives e dirijo e apresento o programa \u201cIdentidade Brasil\u201d, no Canal Futura de televis\u00e3o, com uma audi\u00eancia espetacular. Integro os quadros da Academia Brasileira de Letras, figurando hoje como o seu vice-decano (s\u00f3 perco para o amigo Jos\u00e9 Sarney).<br \/>\nE estou colaborando com o fraternal amigo Carlos Alberto Serpa de Oliveira para criar a Academia Brasileira de Cultura, que em breve estar\u00e1 funcionando na plenitude. A idade s\u00f3 ajuda a ter mais experi\u00eancia.<br \/>\nUtilizando as virtualidades do tempo, escrevo livros e artigos semanais para diversos peri\u00f3dicos. O tema \u00e9 sempre educa\u00e7\u00e3o, como tenho feito de forma ininterrupta. E n\u00e3o deixo de dar uma relevante contribui\u00e7\u00e3o ao Conselho T\u00e9cnico da Confedera\u00e7\u00e3o Nacional do Com\u00e9rcio de Bens e Servi\u00e7os, obediente \u00e0 lideran\u00e7a dos not\u00e1veis Ernani Galv\u00eaas e Bernardo Cabral. Velho? Nem pensar&#8230;<\/p>\n","protected":false},"excerpt":{"rendered":"<p>Um velho na ativa \u00a0 \u00a0 \u00a0 \u00a0At\u00e9 que idade se pode permanecer na ativa? O certo \u00e9 que n\u00e3o existe uma resposta precisa para essa pergunta. Veja-se o caso do escritor e pensador franc\u00eas Edgard Morin. Ele est\u00e1 completando 100 anos e segue escrevendo, dando ao mundo o resultado de uma experi\u00eancia que parece [&hellip;]<\/p>\n","protected":false},"author":96,"featured_media":0,"comment_status":"closed","ping_status":"closed","sticky":false,"template":"","format":"standard","meta":{"footnotes":""},"categories":[275],"tags":[],"class_list":["post-187261","post","type-post","status-publish","format-standard","hentry","category-arnaldo-niskier"],"_links":{"self":[{"href":"https:\/\/diarioregionaldigital.com.br\/index.php?rest_route=\/wp\/v2\/posts\/187261","targetHints":{"allow":["GET"]}}],"collection":[{"href":"https:\/\/diarioregionaldigital.com.br\/index.php?rest_route=\/wp\/v2\/posts"}],"about":[{"href":"https:\/\/diarioregionaldigital.com.br\/index.php?rest_route=\/wp\/v2\/types\/post"}],"author":[{"embeddable":true,"href":"https:\/\/diarioregionaldigital.com.br\/index.php?rest_route=\/wp\/v2\/users\/96"}],"replies":[{"embeddable":true,"href":"https:\/\/diarioregionaldigital.com.br\/index.php?rest_route=%2Fwp%2Fv2%2Fcomments&post=187261"}],"version-history":[{"count":1,"href":"https:\/\/diarioregionaldigital.com.br\/index.php?rest_route=\/wp\/v2\/posts\/187261\/revisions"}],"predecessor-version":[{"id":187262,"href":"https:\/\/diarioregionaldigital.com.br\/index.php?rest_route=\/wp\/v2\/posts\/187261\/revisions\/187262"}],"wp:attachment":[{"href":"https:\/\/diarioregionaldigital.com.br\/index.php?rest_route=%2Fwp%2Fv2%2Fmedia&parent=187261"}],"wp:term":[{"taxonomy":"category","embeddable":true,"href":"https:\/\/diarioregionaldigital.com.br\/index.php?rest_route=%2Fwp%2Fv2%2Fcategories&post=187261"},{"taxonomy":"post_tag","embeddable":true,"href":"https:\/\/diarioregionaldigital.com.br\/index.php?rest_route=%2Fwp%2Fv2%2Ftags&post=187261"}],"curies":[{"name":"wp","href":"https:\/\/api.w.org\/{rel}","templated":true}]}}