{"id":187249,"date":"2021-08-20T19:42:45","date_gmt":"2021-08-20T22:42:45","guid":{"rendered":"https:\/\/diarioregionaldigital.com.br\/?p=187249"},"modified":"2021-08-20T19:42:45","modified_gmt":"2021-08-20T22:42:45","slug":"funalfa-inicia-visitas-as-escolas-de-samba-da-jf","status":"publish","type":"post","link":"https:\/\/diarioregionaldigital.com.br\/?p=187249","title":{"rendered":"Funalfa inicia visitas \u00e0s escolas de samba da JF"},"content":{"rendered":"<p>A Funda\u00e7\u00e3o Cultural Alfredo Ferreira Lage (Funalfa) iniciou nesta semana uma s\u00e9rie de visitas \u00e0s escolas de samba de Juiz de Fora. O objetivo \u00e9 conhecer as quadras ou locais de ensaio e a estrutura das agremia\u00e7\u00f5es, al\u00e9m de ouvir demandas e tomar conhecimento das possibilidades de cada uma para capta\u00e7\u00e3o de recursos, por meio da promo\u00e7\u00e3o de eventos ou outras fontes. \u201cNeste primeiro momento, n\u00e3o existe nenhuma sinaliza\u00e7\u00e3o no sentido de retomada dos desfiles oficiais em 2022. O quadro sanit\u00e1rio ainda est\u00e1 indefinido, ent\u00e3o, o que procuramos \u00e9 estreitar o contato com as escolas\u201d, explica a gerente do Departamento de Cultura e Territ\u00f3rio, Silv\u00e2nia Santos.<\/p>\n<p>Segundo informa\u00e7\u00f5es do site da Prefeitura de Juiz de Fora, quatro escolas j\u00e1 receberam a equipe da Funalfa: Turunas do Riachuelo, Rivais da Primavera, Vale do Paraibuna e Real Grandeza. \u201cA receptividade dos diretores tem sido muito boa. Percebemos que h\u00e1 interesse em somar esfor\u00e7os com a Funalfa no sentido de tra\u00e7ar estrat\u00e9gias que permitam o fortalecimento do carnaval de escolas, t\u00e3o tradicional em nossa cidade.\u201d<\/p>\n<p>Al\u00e9m do Departamento de Cultura e Territ\u00f3rio, integram a comitiva da Funalfa funcion\u00e1rios do Departamento de Recursos Compartilhados e do Gabinete, incluindo a diretora-geral da funda\u00e7\u00e3o, Giane Elisa Sales de Almeida. \u201cAs visitas continuam nas pr\u00f3ximas semanas, e a expectativa \u00e9 de conhecer todas as agremia\u00e7\u00f5es, tanto as ligadas \u00e0 Liga Independente das Escolas de Samba de Juiz de Fora (Liesjuf) quanto as filiadas \u00e0 Alian\u00e7a Carnavalesca Regional\u201d, pontua Silv\u00e2nia. Ela acrescenta que existe interesse tamb\u00e9m na aproxima\u00e7\u00e3o com agremia\u00e7\u00f5es que n\u00e3o est\u00e3o na ativa.<\/p>\n","protected":false},"excerpt":{"rendered":"<p>A Funda\u00e7\u00e3o Cultural Alfredo Ferreira Lage (Funalfa) iniciou nesta semana uma s\u00e9rie de visitas \u00e0s escolas de samba de Juiz de Fora. O objetivo \u00e9 conhecer as quadras ou locais de ensaio e a estrutura das agremia\u00e7\u00f5es, al\u00e9m de ouvir demandas e tomar conhecimento das possibilidades de cada uma para capta\u00e7\u00e3o de recursos, por meio [&hellip;]<\/p>\n","protected":false},"author":246,"featured_media":187250,"comment_status":"closed","ping_status":"closed","sticky":false,"template":"","format":"standard","meta":{"footnotes":""},"categories":[253,436,439],"tags":[],"class_list":["post-187249","post","type-post","status-publish","format-standard","has-post-thumbnail","hentry","category-cidade","category-destaque-da-semana","category-ultima-hora"],"_links":{"self":[{"href":"https:\/\/diarioregionaldigital.com.br\/index.php?rest_route=\/wp\/v2\/posts\/187249","targetHints":{"allow":["GET"]}}],"collection":[{"href":"https:\/\/diarioregionaldigital.com.br\/index.php?rest_route=\/wp\/v2\/posts"}],"about":[{"href":"https:\/\/diarioregionaldigital.com.br\/index.php?rest_route=\/wp\/v2\/types\/post"}],"author":[{"embeddable":true,"href":"https:\/\/diarioregionaldigital.com.br\/index.php?rest_route=\/wp\/v2\/users\/246"}],"replies":[{"embeddable":true,"href":"https:\/\/diarioregionaldigital.com.br\/index.php?rest_route=%2Fwp%2Fv2%2Fcomments&post=187249"}],"version-history":[{"count":1,"href":"https:\/\/diarioregionaldigital.com.br\/index.php?rest_route=\/wp\/v2\/posts\/187249\/revisions"}],"predecessor-version":[{"id":187251,"href":"https:\/\/diarioregionaldigital.com.br\/index.php?rest_route=\/wp\/v2\/posts\/187249\/revisions\/187251"}],"wp:featuredmedia":[{"embeddable":true,"href":"https:\/\/diarioregionaldigital.com.br\/index.php?rest_route=\/wp\/v2\/media\/187250"}],"wp:attachment":[{"href":"https:\/\/diarioregionaldigital.com.br\/index.php?rest_route=%2Fwp%2Fv2%2Fmedia&parent=187249"}],"wp:term":[{"taxonomy":"category","embeddable":true,"href":"https:\/\/diarioregionaldigital.com.br\/index.php?rest_route=%2Fwp%2Fv2%2Fcategories&post=187249"},{"taxonomy":"post_tag","embeddable":true,"href":"https:\/\/diarioregionaldigital.com.br\/index.php?rest_route=%2Fwp%2Fv2%2Ftags&post=187249"}],"curies":[{"name":"wp","href":"https:\/\/api.w.org\/{rel}","templated":true}]}}