{"id":187246,"date":"2021-08-20T19:40:51","date_gmt":"2021-08-20T22:40:51","guid":{"rendered":"https:\/\/diarioregionaldigital.com.br\/?p=187246"},"modified":"2021-08-20T19:40:51","modified_gmt":"2021-08-20T22:40:51","slug":"prefeitura-realiza-pavimentacao-asfaltica-na-avenida-francisco-bernardino","status":"publish","type":"post","link":"https:\/\/diarioregionaldigital.com.br\/?p=187246","title":{"rendered":"Prefeitura realiza pavimenta\u00e7\u00e3o asf\u00e1ltica na Avenida Francisco Bernardino"},"content":{"rendered":"<p>Como mais uma a\u00e7\u00e3o da Opera\u00e7\u00e3o Boniteza, a Prefeitura de Juiz de Fora (PJF) realiza, a partir da pr\u00f3xima segunda-feira, 23, a substitui\u00e7\u00e3o da pavimenta\u00e7\u00e3o asf\u00e1ltica da Avenida Francisco Bernardino. A obra ser\u00e1 executado pela Empresa Municipal de Pavimenta\u00e7\u00e3o e Urbaniza\u00e7\u00e3o (Empav) e tem previs\u00e3o de t\u00e9rmino no dia 21 de setembro. O trecho atendido com o novo asfalto ser\u00e1 entre a Rua Halfeld e Rua Francisco Maia, totalizando 683 metros de extens\u00e3o.<\/p>\n<p>Segundo informa\u00e7\u00f5es do site da Prefeitura de Juiz de Fora, para a realiza\u00e7\u00e3o do servi\u00e7o, a Empav utilizar\u00e1 aproximadamente 1.300 toneladas de asfalto, com um refor\u00e7o maior na faixa de \u00f4nibus, em fun\u00e7\u00e3o do peso do ve\u00edculo e das \u00e1reas de frenagem. Em alguns pontos, ser\u00e3o feitas interven\u00e7\u00f5es e reconstru\u00e7\u00e3o de base, e em outras \u00e1reas, uma espessura maior de camada de asfalto que vai aumentar a vida \u00fatil do pavimento das vias do entorno, proporcionando melhores condi\u00e7\u00f5es de tr\u00e1fego e seguran\u00e7a para os ve\u00edculos.<\/p>\n<p>A troca da pavimenta\u00e7\u00e3o da avenida tamb\u00e9m faz parte do complexo de obras que est\u00e3o sendo realizadas pela PJF no entorno do novo viaduto H\u00e9lio F\u00e1del Ara\u00fajo, que tem previs\u00e3o de entrega para o m\u00eas de outubro e ser\u00e1 a principal liga\u00e7\u00e3o entre o Centro e a Regi\u00e3o Leste da cidade. Para Maril\u00facia Mar\u00f4cco de Miranda, Diretora T\u00e9cnica e Operacional da Empav, esta a\u00e7\u00e3o \u201ctrar\u00e1 melhoria consider\u00e1vel na mobilidade urbana relativa aos ve\u00edculos que transitam da Francisco Bernardino \u00e0 Avenida Brasil, que produzir\u00e1 maior fluidez no tr\u00e1fego de ve\u00edculos.<\/p>\n<p>Durante o per\u00edodo das obras, a Secretaria de Mobilidade Urbana (SMU) solicita que os motoristas utilizem rotas alternativas e n\u00e3o circulem pela via. Somente uma das tr\u00eas pistas vai ser liberada para o tr\u00e2nsito de ve\u00edculos, mesmo assim, a velocidade do local ser\u00e1 reduzida.<\/p>\n","protected":false},"excerpt":{"rendered":"<p>Como mais uma a\u00e7\u00e3o da Opera\u00e7\u00e3o Boniteza, a Prefeitura de Juiz de Fora (PJF) realiza, a partir da pr\u00f3xima segunda-feira, 23, a substitui\u00e7\u00e3o da pavimenta\u00e7\u00e3o asf\u00e1ltica da Avenida Francisco Bernardino. A obra ser\u00e1 executado pela Empresa Municipal de Pavimenta\u00e7\u00e3o e Urbaniza\u00e7\u00e3o (Empav) e tem previs\u00e3o de t\u00e9rmino no dia 21 de setembro. O trecho atendido [&hellip;]<\/p>\n","protected":false},"author":246,"featured_media":187247,"comment_status":"closed","ping_status":"closed","sticky":false,"template":"","format":"standard","meta":{"footnotes":""},"categories":[253,436,439],"tags":[],"class_list":["post-187246","post","type-post","status-publish","format-standard","has-post-thumbnail","hentry","category-cidade","category-destaque-da-semana","category-ultima-hora"],"_links":{"self":[{"href":"https:\/\/diarioregionaldigital.com.br\/index.php?rest_route=\/wp\/v2\/posts\/187246","targetHints":{"allow":["GET"]}}],"collection":[{"href":"https:\/\/diarioregionaldigital.com.br\/index.php?rest_route=\/wp\/v2\/posts"}],"about":[{"href":"https:\/\/diarioregionaldigital.com.br\/index.php?rest_route=\/wp\/v2\/types\/post"}],"author":[{"embeddable":true,"href":"https:\/\/diarioregionaldigital.com.br\/index.php?rest_route=\/wp\/v2\/users\/246"}],"replies":[{"embeddable":true,"href":"https:\/\/diarioregionaldigital.com.br\/index.php?rest_route=%2Fwp%2Fv2%2Fcomments&post=187246"}],"version-history":[{"count":1,"href":"https:\/\/diarioregionaldigital.com.br\/index.php?rest_route=\/wp\/v2\/posts\/187246\/revisions"}],"predecessor-version":[{"id":187248,"href":"https:\/\/diarioregionaldigital.com.br\/index.php?rest_route=\/wp\/v2\/posts\/187246\/revisions\/187248"}],"wp:featuredmedia":[{"embeddable":true,"href":"https:\/\/diarioregionaldigital.com.br\/index.php?rest_route=\/wp\/v2\/media\/187247"}],"wp:attachment":[{"href":"https:\/\/diarioregionaldigital.com.br\/index.php?rest_route=%2Fwp%2Fv2%2Fmedia&parent=187246"}],"wp:term":[{"taxonomy":"category","embeddable":true,"href":"https:\/\/diarioregionaldigital.com.br\/index.php?rest_route=%2Fwp%2Fv2%2Fcategories&post=187246"},{"taxonomy":"post_tag","embeddable":true,"href":"https:\/\/diarioregionaldigital.com.br\/index.php?rest_route=%2Fwp%2Fv2%2Ftags&post=187246"}],"curies":[{"name":"wp","href":"https:\/\/api.w.org\/{rel}","templated":true}]}}