{"id":187240,"date":"2021-08-20T19:32:40","date_gmt":"2021-08-20T22:32:40","guid":{"rendered":"https:\/\/diarioregionaldigital.com.br\/?p=187240"},"modified":"2021-08-20T19:32:40","modified_gmt":"2021-08-20T22:32:40","slug":"paralimpiada-conheca-mais-sobre-o-futebol-de-5-na-toquio-2020","status":"publish","type":"post","link":"https:\/\/diarioregionaldigital.com.br\/?p=187240","title":{"rendered":"Paralimp\u00edada: conhe\u00e7a mais sobre o futebol de 5 na T\u00f3quio 2020"},"content":{"rendered":"<p>Um esporte no qual o Brasil sempre aparece entre os favoritos \u00e9 o futebol, seja o disputado em gramados, quadras ou areias. Na Paralimp\u00edada de T\u00f3quio n\u00e3o ser\u00e1 diferente, a sele\u00e7\u00e3o brasileira de futebol de 5 chega como candidata a ocupar o lugar mais alto do p\u00f3dio mais uma vez.<img decoding=\"async\" src=\"https:\/\/agenciabrasil.ebc.com.br\/ebc.png?id=1419060&amp;o=node\" \/><img decoding=\"async\" src=\"https:\/\/agenciabrasil.ebc.com.br\/ebc.gif?id=1419060&amp;o=node\" \/><\/p>\n<p>O retrospecto brasileiro na modalidade, que entrou no programa dos Jogos Paral\u00edmpicos em 2004 (Atenas), \u00e9 digno de destaque: em quatro disputas, o pa\u00eds ficou com o ouro em todas, com 17 vit\u00f3rias e cinco empates em 22 partidas disputadas.<\/p>\n<p><strong>Um futebol com regras diferentes<\/strong><\/p>\n<p>O futebol de 5 tem regras diferentes das do futebol convencional. A modalidade \u00e9 disputada por pessoas com defici\u00eancia visual (exceto os goleiros), em partidas de dois tempos de 25 minutos, com intervalo de 10, nas quais n\u00e3o h\u00e1 cobran\u00e7as de lateral ou escanteios. Os atletas usam vendas para que n\u00e3o haja vantagem dos que enxergam parcialmente em rela\u00e7\u00e3o \u00e0queles que nada veem.<\/p>\n<p>As bolas possuem guizos que fazem um barulho para orientar os atletas em campo. Al\u00e9m disso, atr\u00e1s de cada gol fica um membro da comiss\u00e3o t\u00e9cnica, atuando como guia ou chamador. A fun\u00e7\u00e3o dele \u00e9 orientar os atletas de sua equipe.<\/p>\n<p><strong>Brasil nos Jogos<\/strong><\/p>\n<p>O Brasil caiu no Grupo A no torneio paral\u00edmpico da modalidade, ao lado da China, contra a qual far\u00e1 a estreia, do Jap\u00e3o e da Fran\u00e7a. A outra chave re\u00fane Argentina, Marrocos, Espanha e Tail\u00e2ndia. As disputas acontecem entre 29 de agosto e 4 de setembro no Parque de Esportes Urbanos de Aomi.<\/p>\n<p>\u201cA chave do Brasil ficou forte, mais equilibrada do que a outra. Mas o que sempre digo aos atletas \u00e9 que, para serem campe\u00f5es, n\u00e3o podem escolher advers\u00e1rio. Primeiro, temos de nos classificar. Vamos passo a passo\u201d, declarou o t\u00e9cnico F\u00e1bio Vasconcelos, em depoimento ao site da Confedera\u00e7\u00e3o Brasileira de Desportos de Deficientes Visuais (CBDV).<\/p>\n<p>E, para buscar o pentacampeonato, a sele\u00e7\u00e3o brasileira confia demais na qualidade de um jogador espec\u00edfico, o ala Ricardinho, considerado o melhor do mundo na modalidade e que deseja conquistar a quarta gl\u00f3ria ol\u00edmpica de sua carreira.<\/p>\n<p><span style=\"font-weight: 400;\">Fonte: Ag\u00eancia Brasil <\/span><\/p>\n","protected":false},"excerpt":{"rendered":"<p>Um esporte no qual o Brasil sempre aparece entre os favoritos \u00e9 o futebol, seja o disputado em gramados, quadras ou areias. Na Paralimp\u00edada de T\u00f3quio n\u00e3o ser\u00e1 diferente, a sele\u00e7\u00e3o brasileira de futebol de 5 chega como candidata a ocupar o lugar mais alto do p\u00f3dio mais uma vez. O retrospecto brasileiro na modalidade, [&hellip;]<\/p>\n","protected":false},"author":246,"featured_media":187241,"comment_status":"closed","ping_status":"closed","sticky":false,"template":"","format":"standard","meta":{"footnotes":""},"categories":[436,257,439],"tags":[],"class_list":["post-187240","post","type-post","status-publish","format-standard","has-post-thumbnail","hentry","category-destaque-da-semana","category-esporte","category-ultima-hora"],"_links":{"self":[{"href":"https:\/\/diarioregionaldigital.com.br\/index.php?rest_route=\/wp\/v2\/posts\/187240","targetHints":{"allow":["GET"]}}],"collection":[{"href":"https:\/\/diarioregionaldigital.com.br\/index.php?rest_route=\/wp\/v2\/posts"}],"about":[{"href":"https:\/\/diarioregionaldigital.com.br\/index.php?rest_route=\/wp\/v2\/types\/post"}],"author":[{"embeddable":true,"href":"https:\/\/diarioregionaldigital.com.br\/index.php?rest_route=\/wp\/v2\/users\/246"}],"replies":[{"embeddable":true,"href":"https:\/\/diarioregionaldigital.com.br\/index.php?rest_route=%2Fwp%2Fv2%2Fcomments&post=187240"}],"version-history":[{"count":1,"href":"https:\/\/diarioregionaldigital.com.br\/index.php?rest_route=\/wp\/v2\/posts\/187240\/revisions"}],"predecessor-version":[{"id":187242,"href":"https:\/\/diarioregionaldigital.com.br\/index.php?rest_route=\/wp\/v2\/posts\/187240\/revisions\/187242"}],"wp:featuredmedia":[{"embeddable":true,"href":"https:\/\/diarioregionaldigital.com.br\/index.php?rest_route=\/wp\/v2\/media\/187241"}],"wp:attachment":[{"href":"https:\/\/diarioregionaldigital.com.br\/index.php?rest_route=%2Fwp%2Fv2%2Fmedia&parent=187240"}],"wp:term":[{"taxonomy":"category","embeddable":true,"href":"https:\/\/diarioregionaldigital.com.br\/index.php?rest_route=%2Fwp%2Fv2%2Fcategories&post=187240"},{"taxonomy":"post_tag","embeddable":true,"href":"https:\/\/diarioregionaldigital.com.br\/index.php?rest_route=%2Fwp%2Fv2%2Ftags&post=187240"}],"curies":[{"name":"wp","href":"https:\/\/api.w.org\/{rel}","templated":true}]}}