{"id":187230,"date":"2021-08-20T19:24:28","date_gmt":"2021-08-20T22:24:28","guid":{"rendered":"https:\/\/diarioregionaldigital.com.br\/?p=187230"},"modified":"2021-08-20T19:24:28","modified_gmt":"2021-08-20T22:24:28","slug":"covid-19-organizacao-dos-jogos-ve-situacao-muito-dificil-em-toquio","status":"publish","type":"post","link":"https:\/\/diarioregionaldigital.com.br\/?p=187230","title":{"rendered":"Covid-19: organiza\u00e7\u00e3o dos Jogos v\u00ea situa\u00e7\u00e3o &#8220;muito dif\u00edcil&#8221; em T\u00f3quio"},"content":{"rendered":"<p>A Paralimp\u00edada de T\u00f3quio ser\u00e1 realizada em circunst\u00e2ncias &#8220;muito dif\u00edceis&#8221;, disseram seus organizadores nesta sexta-feira (20), j\u00e1 que os hospitais da cidade-sede est\u00e3o sobrecarregados no momento em que o Jap\u00e3o enfrenta sua pior onda de infec\u00e7\u00f5es de covid-19, impulsionada pela variante Delta.<\/p>\n<p>Faltando menos de uma semana para o evento, o jornal Asahi noticiou nesta sexta-feira (20) que um hospital de T\u00f3quio recusou um pedido dos organizadores para receber casos de emerg\u00eancia dos Jogos, priorizando pacientes locais com covid-19.<\/p>\n<p>&#8220;Olhando a situa\u00e7\u00e3o m\u00e9dica, n\u00e3o podemos evitar dizer que faremos a Paralimp\u00edada no meio de uma situa\u00e7\u00e3o muito dif\u00edcil&#8221;, disse Hidemasa Nakamura, autoridade respons\u00e1vel pela realiza\u00e7\u00e3o da T\u00f3quio 2020, em uma coletiva de imprensa. &#8220;O que fazemos se tivermos um caso que fica gravemente doente, dada a situa\u00e7\u00e3o apertada dos leitos de hospital? Temos que ter um fluxo de contato alinhado e incluir os hospitais e instala\u00e7\u00f5es m\u00e9dicas neste fluxo de contato.&#8221;<\/p>\n<p>Os organizadores disseram que adotar\u00e3o protocolos contra a covid-19 na Paralimp\u00edada, o mesmo &#8220;manual&#8221; usado durante a Olimp\u00edada, que terminou no in\u00edcio deste m\u00eas.<\/p>\n<p>Exames frequentes e outras restri\u00e7\u00f5es, como limitar a circula\u00e7\u00e3o de atletas e autoridades, mostraram-se eficazes para minimizar os riscos de infec\u00e7\u00e3o, acrescentaram.<\/p>\n<p><span style=\"font-weight: 400;\">Fonte: Ag\u00eancia Brasil <\/span><\/p>\n","protected":false},"excerpt":{"rendered":"<p>A Paralimp\u00edada de T\u00f3quio ser\u00e1 realizada em circunst\u00e2ncias &#8220;muito dif\u00edceis&#8221;, disseram seus organizadores nesta sexta-feira (20), j\u00e1 que os hospitais da cidade-sede est\u00e3o sobrecarregados no momento em que o Jap\u00e3o enfrenta sua pior onda de infec\u00e7\u00f5es de covid-19, impulsionada pela variante Delta. Faltando menos de uma semana para o evento, o jornal Asahi noticiou nesta [&hellip;]<\/p>\n","protected":false},"author":246,"featured_media":187231,"comment_status":"closed","ping_status":"closed","sticky":false,"template":"","format":"standard","meta":{"footnotes":""},"categories":[440,257,439],"tags":[],"class_list":["post-187230","post","type-post","status-publish","format-standard","has-post-thumbnail","hentry","category-destaques-do-dia","category-esporte","category-ultima-hora"],"_links":{"self":[{"href":"https:\/\/diarioregionaldigital.com.br\/index.php?rest_route=\/wp\/v2\/posts\/187230","targetHints":{"allow":["GET"]}}],"collection":[{"href":"https:\/\/diarioregionaldigital.com.br\/index.php?rest_route=\/wp\/v2\/posts"}],"about":[{"href":"https:\/\/diarioregionaldigital.com.br\/index.php?rest_route=\/wp\/v2\/types\/post"}],"author":[{"embeddable":true,"href":"https:\/\/diarioregionaldigital.com.br\/index.php?rest_route=\/wp\/v2\/users\/246"}],"replies":[{"embeddable":true,"href":"https:\/\/diarioregionaldigital.com.br\/index.php?rest_route=%2Fwp%2Fv2%2Fcomments&post=187230"}],"version-history":[{"count":1,"href":"https:\/\/diarioregionaldigital.com.br\/index.php?rest_route=\/wp\/v2\/posts\/187230\/revisions"}],"predecessor-version":[{"id":187232,"href":"https:\/\/diarioregionaldigital.com.br\/index.php?rest_route=\/wp\/v2\/posts\/187230\/revisions\/187232"}],"wp:featuredmedia":[{"embeddable":true,"href":"https:\/\/diarioregionaldigital.com.br\/index.php?rest_route=\/wp\/v2\/media\/187231"}],"wp:attachment":[{"href":"https:\/\/diarioregionaldigital.com.br\/index.php?rest_route=%2Fwp%2Fv2%2Fmedia&parent=187230"}],"wp:term":[{"taxonomy":"category","embeddable":true,"href":"https:\/\/diarioregionaldigital.com.br\/index.php?rest_route=%2Fwp%2Fv2%2Fcategories&post=187230"},{"taxonomy":"post_tag","embeddable":true,"href":"https:\/\/diarioregionaldigital.com.br\/index.php?rest_route=%2Fwp%2Fv2%2Ftags&post=187230"}],"curies":[{"name":"wp","href":"https:\/\/api.w.org\/{rel}","templated":true}]}}