{"id":187224,"date":"2021-08-20T19:16:43","date_gmt":"2021-08-20T22:16:43","guid":{"rendered":"https:\/\/diarioregionaldigital.com.br\/?p=187224"},"modified":"2021-08-20T19:16:43","modified_gmt":"2021-08-20T22:16:43","slug":"camara-aprova-proibicao-de-tatuagem-em-caes-e-gatos-com-fins-estetico","status":"publish","type":"post","link":"https:\/\/diarioregionaldigital.com.br\/?p=187224","title":{"rendered":"C\u00e2mara aprova proibi\u00e7\u00e3o de tatuagem em c\u00e3es e gatos com fins est\u00e9tico"},"content":{"rendered":"<p>A C\u00e2mara dos Deputados\u00a0<a href=\"https:\/\/www.camara.leg.br\/proposicoesWeb\/prop_mostrarintegra?codteor=1922798&amp;filename=PL+4206\/2020\" target=\"_blank\" rel=\"noopener\">aprovou<\/a>\u00a0nesta\u00a0quinta-feira (19), por 397 votos a favor e duas absten\u00e7\u00f5es, projeto de lei que pro\u00edbe a realiza\u00e7\u00e3o de tatuagens em animais com fins est\u00e9ticos. O ato ser\u00e1 sujeito a deten\u00e7\u00e3o de tr\u00eas meses a um ano e multa. A proposta segue para an\u00e1lise do Senado.<img decoding=\"async\" src=\"https:\/\/agenciabrasil.ebc.com.br\/ebc.png?id=1419034&amp;o=node\" \/><img decoding=\"async\" src=\"https:\/\/agenciabrasil.ebc.com.br\/ebc.gif?id=1419034&amp;o=node\" \/><\/p>\n<p>\u201cFazer uma tatuagem em um animal de estima\u00e7\u00e3o n\u00e3o h\u00e1 outra raz\u00e3o sen\u00e3o aquela de satisfazer as prefer\u00eancias est\u00e9ticas de seus donos, causando dores in\u00fateis nos bichos. Al\u00e9m do sofrimento causado pela dor, os animais tatuados s\u00e3o expostos a diversas outras complica\u00e7\u00f5es, como rea\u00e7\u00f5es al\u00e9rgicas \u00e0 tinta e ao material utilizado no procedimento, infec\u00e7\u00f5es, cicatrizes, queimaduras e irrita\u00e7\u00f5es cr\u00f4nicas\u201d, argumentou o autor da proposta, deputado Fred Costa (Patriotas-MG).<\/p>\n<p>O texto aprovado deixa expl\u00edcito que a proibi\u00e7\u00e3o se aplica apenas a tatuagens e\u00a0<em>piercings<\/em>\u00a0realizados por motivos est\u00e9ticos em c\u00e3es e gatos. Segundo o relator, deputado Paulo Bengtson (PTB-PA), o objetivo \u00e9 evitar qualquer questionamento sobre a legalidade de procedimentos utilizados na identifica\u00e7\u00e3o, rastreabilidade e certifica\u00e7\u00e3o de animais de produ\u00e7\u00e3o do agroneg\u00f3cio \u2013 bois, cavalos e porcos.<\/p>\n<p>&#8220;[O tema] gerou certa pol\u00eamica em raz\u00e3o de os animais de produ\u00e7\u00e3o precisarem de marca\u00e7\u00f5es, de brincos, ou at\u00e9 mesmo em animais\u00a0dom\u00e9sticos, os pets, por exemplo, quando h\u00e1 um servi\u00e7o de castra\u00e7\u00e3o. Em alguns casos, na maioria dos casos, melhor dizendo, \u00e9 feita uma tatuagem na parte interna da orelha da f\u00eamea que foi castrada, para que se haja a diferencia\u00e7\u00e3o de outros animais. Ent\u00e3o \u00e9 uma tatuagem que n\u00e3o tem fim est\u00e9tico. N\u00f3s estamos aqui falando sobre est\u00e9tica em animais\u201d, explicou o relator.<\/p>\n<p><span style=\"font-weight: 400;\">Fonte: Ag\u00eancia Brasil <\/span><\/p>\n","protected":false},"excerpt":{"rendered":"<p>A C\u00e2mara dos Deputados\u00a0aprovou\u00a0nesta\u00a0quinta-feira (19), por 397 votos a favor e duas absten\u00e7\u00f5es, projeto de lei que pro\u00edbe a realiza\u00e7\u00e3o de tatuagens em animais com fins est\u00e9ticos. O ato ser\u00e1 sujeito a deten\u00e7\u00e3o de tr\u00eas meses a um ano e multa. A proposta segue para an\u00e1lise do Senado. \u201cFazer uma tatuagem em um animal de [&hellip;]<\/p>\n","protected":false},"author":246,"featured_media":187225,"comment_status":"closed","ping_status":"closed","sticky":false,"template":"","format":"standard","meta":{"footnotes":""},"categories":[436,254,439],"tags":[],"class_list":["post-187224","post","type-post","status-publish","format-standard","has-post-thumbnail","hentry","category-destaque-da-semana","category-politica","category-ultima-hora"],"_links":{"self":[{"href":"https:\/\/diarioregionaldigital.com.br\/index.php?rest_route=\/wp\/v2\/posts\/187224","targetHints":{"allow":["GET"]}}],"collection":[{"href":"https:\/\/diarioregionaldigital.com.br\/index.php?rest_route=\/wp\/v2\/posts"}],"about":[{"href":"https:\/\/diarioregionaldigital.com.br\/index.php?rest_route=\/wp\/v2\/types\/post"}],"author":[{"embeddable":true,"href":"https:\/\/diarioregionaldigital.com.br\/index.php?rest_route=\/wp\/v2\/users\/246"}],"replies":[{"embeddable":true,"href":"https:\/\/diarioregionaldigital.com.br\/index.php?rest_route=%2Fwp%2Fv2%2Fcomments&post=187224"}],"version-history":[{"count":1,"href":"https:\/\/diarioregionaldigital.com.br\/index.php?rest_route=\/wp\/v2\/posts\/187224\/revisions"}],"predecessor-version":[{"id":187226,"href":"https:\/\/diarioregionaldigital.com.br\/index.php?rest_route=\/wp\/v2\/posts\/187224\/revisions\/187226"}],"wp:featuredmedia":[{"embeddable":true,"href":"https:\/\/diarioregionaldigital.com.br\/index.php?rest_route=\/wp\/v2\/media\/187225"}],"wp:attachment":[{"href":"https:\/\/diarioregionaldigital.com.br\/index.php?rest_route=%2Fwp%2Fv2%2Fmedia&parent=187224"}],"wp:term":[{"taxonomy":"category","embeddable":true,"href":"https:\/\/diarioregionaldigital.com.br\/index.php?rest_route=%2Fwp%2Fv2%2Fcategories&post=187224"},{"taxonomy":"post_tag","embeddable":true,"href":"https:\/\/diarioregionaldigital.com.br\/index.php?rest_route=%2Fwp%2Fv2%2Ftags&post=187224"}],"curies":[{"name":"wp","href":"https:\/\/api.w.org\/{rel}","templated":true}]}}