{"id":187221,"date":"2021-08-20T19:15:08","date_gmt":"2021-08-20T22:15:08","guid":{"rendered":"https:\/\/diarioregionaldigital.com.br\/?p=187221"},"modified":"2021-08-20T19:15:08","modified_gmt":"2021-08-20T22:15:08","slug":"sabatina-para-reconducao-de-augusto-aras-e-marcada-para-24-de-agosto","status":"publish","type":"post","link":"https:\/\/diarioregionaldigital.com.br\/?p=187221","title":{"rendered":"Sabatina para recondu\u00e7\u00e3o de Augusto Aras \u00e9 marcada para 24 de agosto"},"content":{"rendered":"<p>A Comiss\u00e3o de Constitui\u00e7\u00e3o e Justi\u00e7a (CCJ) do Senado marcou para o dia 24 de agosto, \u00e0s 10h, a sabatina do procurador-geral da Rep\u00fablica Augusto Aras, indicado pelo presidente Jair Bolsonaro para um novo mandato de dois anos \u00e0 frente do Minist\u00e9rio P\u00fablico Federal. O relator ser\u00e1 o senador Eduardo Braga (MDB-AM).<img decoding=\"async\" src=\"https:\/\/agenciabrasil.ebc.com.br\/ebc.png?id=1419026&amp;o=node\" \/><img decoding=\"async\" src=\"https:\/\/agenciabrasil.ebc.com.br\/ebc.gif?id=1419026&amp;o=node\" \/><\/p>\n<p>Caso o nome de Aras seja aprovado na CCJ, ele deve ser submetido ao plen\u00e1rio do Senado, onde precisa ser aprovado por maioria simples (41 senadores), em vota\u00e7\u00e3o secreta. Se confirmado para um novo mandato, ele ficar\u00e1 no cargo at\u00e9 2023.<\/p>\n<p><strong>STF<\/strong><\/p>\n<p>A CCJ recebeu na quarta-feira (18) a indica\u00e7\u00e3o do ex-ministro da Justi\u00e7a e ex-advogado Geral da Uni\u00e3o Andr\u00e9 Mendon\u00e7a para o\u00a0<a href=\"https:\/\/agenciabrasil.ebc.com.br\/politica\/noticia\/2021-08\/mesa-do-senado-envia-indicacao-de-andre-mendonca-ccj\" target=\"_blank\" rel=\"noopener\">cargo de ministro do Supremo Tribunal Federal<\/a>\u00a0(STF). A mat\u00e9ria aguarda a designa\u00e7\u00e3o de um relator.<\/p>\n<p>Caber\u00e1 ao colegiado, que \u00e9 presidido pelo senador Davi Alcolumbre (DEM-AP), marcar a sabatina. Al\u00e9m da CCJ, Mendon\u00e7a precisa ter o nome aprovado pelo plen\u00e1rio do Senado para tomar posse no STF.<\/p>\n<p><span style=\"font-weight: 400;\">Fonte: Ag\u00eancia Brasil <\/span><\/p>\n","protected":false},"excerpt":{"rendered":"<p>A Comiss\u00e3o de Constitui\u00e7\u00e3o e Justi\u00e7a (CCJ) do Senado marcou para o dia 24 de agosto, \u00e0s 10h, a sabatina do procurador-geral da Rep\u00fablica Augusto Aras, indicado pelo presidente Jair Bolsonaro para um novo mandato de dois anos \u00e0 frente do Minist\u00e9rio P\u00fablico Federal. O relator ser\u00e1 o senador Eduardo Braga (MDB-AM). Caso o nome [&hellip;]<\/p>\n","protected":false},"author":246,"featured_media":187222,"comment_status":"closed","ping_status":"closed","sticky":false,"template":"","format":"standard","meta":{"footnotes":""},"categories":[436,254,439],"tags":[],"class_list":["post-187221","post","type-post","status-publish","format-standard","has-post-thumbnail","hentry","category-destaque-da-semana","category-politica","category-ultima-hora"],"_links":{"self":[{"href":"https:\/\/diarioregionaldigital.com.br\/index.php?rest_route=\/wp\/v2\/posts\/187221","targetHints":{"allow":["GET"]}}],"collection":[{"href":"https:\/\/diarioregionaldigital.com.br\/index.php?rest_route=\/wp\/v2\/posts"}],"about":[{"href":"https:\/\/diarioregionaldigital.com.br\/index.php?rest_route=\/wp\/v2\/types\/post"}],"author":[{"embeddable":true,"href":"https:\/\/diarioregionaldigital.com.br\/index.php?rest_route=\/wp\/v2\/users\/246"}],"replies":[{"embeddable":true,"href":"https:\/\/diarioregionaldigital.com.br\/index.php?rest_route=%2Fwp%2Fv2%2Fcomments&post=187221"}],"version-history":[{"count":1,"href":"https:\/\/diarioregionaldigital.com.br\/index.php?rest_route=\/wp\/v2\/posts\/187221\/revisions"}],"predecessor-version":[{"id":187223,"href":"https:\/\/diarioregionaldigital.com.br\/index.php?rest_route=\/wp\/v2\/posts\/187221\/revisions\/187223"}],"wp:featuredmedia":[{"embeddable":true,"href":"https:\/\/diarioregionaldigital.com.br\/index.php?rest_route=\/wp\/v2\/media\/187222"}],"wp:attachment":[{"href":"https:\/\/diarioregionaldigital.com.br\/index.php?rest_route=%2Fwp%2Fv2%2Fmedia&parent=187221"}],"wp:term":[{"taxonomy":"category","embeddable":true,"href":"https:\/\/diarioregionaldigital.com.br\/index.php?rest_route=%2Fwp%2Fv2%2Fcategories&post=187221"},{"taxonomy":"post_tag","embeddable":true,"href":"https:\/\/diarioregionaldigital.com.br\/index.php?rest_route=%2Fwp%2Fv2%2Ftags&post=187221"}],"curies":[{"name":"wp","href":"https:\/\/api.w.org\/{rel}","templated":true}]}}