{"id":187218,"date":"2021-08-20T19:12:03","date_gmt":"2021-08-20T22:12:03","guid":{"rendered":"https:\/\/diarioregionaldigital.com.br\/?p=187218"},"modified":"2021-08-20T19:12:03","modified_gmt":"2021-08-20T22:12:03","slug":"camara-aprova-inclusao-automatica-na-tarifa-social-de-energia-eletrica","status":"publish","type":"post","link":"https:\/\/diarioregionaldigital.com.br\/?p=187218","title":{"rendered":"C\u00e2mara aprova inclus\u00e3o autom\u00e1tica na Tarifa Social de Energia El\u00e9trica"},"content":{"rendered":"<p>A C\u00e2mara dos Deputados aprovou, nesta quinta-feira (19), projeto de lei (PL) que facilita a inclus\u00e3o autom\u00e1tica de fam\u00edlias de baixa renda entre os benefici\u00e1rios da Tarifa Social de Energia El\u00e9trica. Atualmente, os interessados devem procurar as concession\u00e1rias de energia el\u00e9trica para pedir o benef\u00edcio. A mat\u00e9ria segue para san\u00e7\u00e3o presidencial.<\/p>\n<p>O projeto prop\u00f5e a inclus\u00e3o autom\u00e1tica na Tarifa Social dos inscritos no Cad\u00danico, o cadastro \u00fanico para programas sociais do governo federal. A Tarifa Social de Energia El\u00e9trica concede descontos de at\u00e9 65% no pagamento das contas de energia, dependendo da faixa de consumo.<\/p>\n<p>O desconto para quem consome at\u00e9 30 kilowatts-hora (kWh) \u00e9 de 65% do valor total. As resid\u00eancias que consomem entre 31 kWh\/m\u00eas e 100 kWh\/m\u00eas recebem desconto de 40% na conta. J\u00e1 quando o consumo fica entre 101 kWh\/m\u00eas e 220 kWh\/m\u00eas, o desconto concedido \u00e9 de 10%.<\/p>\n<p>Cerca de 11 milh\u00f5es de resid\u00eancias brasileiras s\u00e3o beneficiadas pela Tarifa Social de Energia El\u00e9trica.<img decoding=\"async\" src=\"https:\/\/agenciabrasil.ebc.com.br\/ebc.png?id=1419030&amp;o=node\" \/><img decoding=\"async\" src=\"https:\/\/agenciabrasil.ebc.com.br\/ebc.gif?id=1419030&amp;o=node\" \/><\/p>\n<p><strong>Moradia social<\/strong><\/p>\n<p>Os deputados rejeitaram a extens\u00e3o da tarifa social para moradores de empreendimentos habitacionais de interesse social, como o programa Casa Verde e Amarela ou outros projetos municipais e estaduais. O dispositivo havia sido inclu\u00eddo no projeto pelos senadores.<\/p>\n<p>Para o relator, deputado L\u00e9o Moraes (Pode-RO), seria um tratamento diferente para consumidores situados na mesma faixa de renda familiar. &#8220;A medida comprometeria o foco do programa, causando expressiva eleva\u00e7\u00e3o de custo. O programa da tarifa social de energia \u00e9 custeado por subs\u00eddios cruzados, e isso poderia encarecer as tarifas de energia&#8221;, argumentou L\u00e9o Moraes.<\/p>\n<p><span style=\"font-weight: 400;\">Fonte: Ag\u00eancia Brasil <\/span><\/p>\n","protected":false},"excerpt":{"rendered":"<p>A C\u00e2mara dos Deputados aprovou, nesta quinta-feira (19), projeto de lei (PL) que facilita a inclus\u00e3o autom\u00e1tica de fam\u00edlias de baixa renda entre os benefici\u00e1rios da Tarifa Social de Energia El\u00e9trica. Atualmente, os interessados devem procurar as concession\u00e1rias de energia el\u00e9trica para pedir o benef\u00edcio. A mat\u00e9ria segue para san\u00e7\u00e3o presidencial. O projeto prop\u00f5e a [&hellip;]<\/p>\n","protected":false},"author":246,"featured_media":187219,"comment_status":"closed","ping_status":"closed","sticky":false,"template":"","format":"standard","meta":{"footnotes":""},"categories":[440,254,439],"tags":[],"class_list":["post-187218","post","type-post","status-publish","format-standard","has-post-thumbnail","hentry","category-destaques-do-dia","category-politica","category-ultima-hora"],"_links":{"self":[{"href":"https:\/\/diarioregionaldigital.com.br\/index.php?rest_route=\/wp\/v2\/posts\/187218","targetHints":{"allow":["GET"]}}],"collection":[{"href":"https:\/\/diarioregionaldigital.com.br\/index.php?rest_route=\/wp\/v2\/posts"}],"about":[{"href":"https:\/\/diarioregionaldigital.com.br\/index.php?rest_route=\/wp\/v2\/types\/post"}],"author":[{"embeddable":true,"href":"https:\/\/diarioregionaldigital.com.br\/index.php?rest_route=\/wp\/v2\/users\/246"}],"replies":[{"embeddable":true,"href":"https:\/\/diarioregionaldigital.com.br\/index.php?rest_route=%2Fwp%2Fv2%2Fcomments&post=187218"}],"version-history":[{"count":1,"href":"https:\/\/diarioregionaldigital.com.br\/index.php?rest_route=\/wp\/v2\/posts\/187218\/revisions"}],"predecessor-version":[{"id":187220,"href":"https:\/\/diarioregionaldigital.com.br\/index.php?rest_route=\/wp\/v2\/posts\/187218\/revisions\/187220"}],"wp:featuredmedia":[{"embeddable":true,"href":"https:\/\/diarioregionaldigital.com.br\/index.php?rest_route=\/wp\/v2\/media\/187219"}],"wp:attachment":[{"href":"https:\/\/diarioregionaldigital.com.br\/index.php?rest_route=%2Fwp%2Fv2%2Fmedia&parent=187218"}],"wp:term":[{"taxonomy":"category","embeddable":true,"href":"https:\/\/diarioregionaldigital.com.br\/index.php?rest_route=%2Fwp%2Fv2%2Fcategories&post=187218"},{"taxonomy":"post_tag","embeddable":true,"href":"https:\/\/diarioregionaldigital.com.br\/index.php?rest_route=%2Fwp%2Fv2%2Ftags&post=187218"}],"curies":[{"name":"wp","href":"https:\/\/api.w.org\/{rel}","templated":true}]}}