{"id":187212,"date":"2021-08-20T19:05:52","date_gmt":"2021-08-20T22:05:52","guid":{"rendered":"https:\/\/diarioregionaldigital.com.br\/?p=187212"},"modified":"2021-08-20T19:05:52","modified_gmt":"2021-08-20T22:05:52","slug":"setor-eletrico-lanca-campanha-contra-o-desperdicio-de-energia","status":"publish","type":"post","link":"https:\/\/diarioregionaldigital.com.br\/?p=187212","title":{"rendered":"Setor el\u00e9trico lan\u00e7a campanha contra o desperd\u00edcio de energia"},"content":{"rendered":"<p>Conscientizar a popula\u00e7\u00e3o sobre a import\u00e2ncia de economizar energia el\u00e9trica, evitando desperd\u00edcios, \u00e9 o objetivo de uma campanha nacional lan\u00e7ada esta semana pela Associa\u00e7\u00e3o Brasileira de Distribuidores de Energia El\u00e9trica (Abradee), Ag\u00eancia Nacional de Energia El\u00e9trica (Aneel) e Minist\u00e9rio de Minas e Energia (MME).<img decoding=\"async\" src=\"https:\/\/agenciabrasil.ebc.com.br\/ebc.png?id=1419091&amp;o=node\" \/><img decoding=\"async\" src=\"https:\/\/agenciabrasil.ebc.com.br\/ebc.gif?id=1419091&amp;o=node\" \/><\/p>\n<p>Realizada tamb\u00e9m em anos anteriores, a Campanha de Uso Consciente de Energia deste ano coincide com o que especialistas consideram a pior\u00a0<a href=\"https:\/\/agenciabrasil.ebc.com.br\/economia\/noticia\/2021-06\/decisao-sobre-reajuste-de-bandeiras-tarifarias-deve-sair-ate-o-dia-30\" target=\"_blank\" rel=\"noopener\">crise h\u00eddrica dos \u00faltimos 91 anos<\/a>. Desde o fim do ano passado, o volume de chuvas registrado em algumas regi\u00f5es do pa\u00eds tem ficado abaixo da m\u00e9dia hist\u00f3rica para o per\u00edodo, afetando reservat\u00f3rios de \u00e1gua e, consequentemente, a produ\u00e7\u00e3o de energia hidrel\u00e9trica, exigindo o acionamento do parque termel\u00e9trico, o que encarece a produ\u00e7\u00e3o.<\/p>\n<p>Com o mote Energia El\u00e9trica: se Desperdi\u00e7ar, vai Faltar, a iniciativa prev\u00ea duas fases: na primeira, a ideia \u00e9 conscientizar a popula\u00e7\u00e3o sobre a atual situa\u00e7\u00e3o; na segunda fase, prevista para ser lan\u00e7ada em setembro, os organizados intensificar\u00e3o a divulga\u00e7\u00e3o das formas de consumo mais consciente e sustent\u00e1vel.<\/p>\n<p>\u201cA divulga\u00e7\u00e3o da campanha foi estrategicamente pensada de forma a atingir o p\u00fablico em geral, de forma segmentada e com uma cobertura precisa. Para isso, a iniciativa procura acompanhar a rotina di\u00e1ria e comportamento da popula\u00e7\u00e3o, segmentando as divulga\u00e7\u00f5es conforme cada um destes diferentes\u00a0<em>targets\u00a0<\/em>[p\u00fablico]\u201d, explica, em nota, a diretora de comunica\u00e7\u00e3o da Abradee, Sigrid Guimar\u00e3es.<\/p>\n<p>Al\u00e9m da veicula\u00e7\u00e3o de pe\u00e7as publicit\u00e1rias na televis\u00e3o, r\u00e1dio e internet, a campanha tamb\u00e9m conta com um\u00a0<em><a href=\"http:\/\/www.consumoconscienteja.com.br\/\" target=\"_blank\" rel=\"noopener\">site<\/a><\/em>\u00a0que d\u00e1 dicas sobre como economizar energia no dia a dia.<\/p>\n<p>Considerada de utilidade p\u00fablica, a campanha \u00e9 realizada com recursos federais do Programa de Efici\u00eancia Energ\u00e9tica da Aneel, cuja diretoria aprovou sua realiza\u00e7\u00e3o no in\u00edcio de julho, com o objetivo de reduzir os riscos que a crise h\u00eddrica representa ao fornecimento de energia el\u00e9trica. A iniciativa tamb\u00e9m foi aprovada pelo Comit\u00ea Monitoramento do Setor El\u00e9trico (CMSE)<\/p>\n<p><span style=\"font-weight: 400;\">Fonte: Ag\u00eancia Brasil <\/span><\/p>\n","protected":false},"excerpt":{"rendered":"<p>Conscientizar a popula\u00e7\u00e3o sobre a import\u00e2ncia de economizar energia el\u00e9trica, evitando desperd\u00edcios, \u00e9 o objetivo de uma campanha nacional lan\u00e7ada esta semana pela Associa\u00e7\u00e3o Brasileira de Distribuidores de Energia El\u00e9trica (Abradee), Ag\u00eancia Nacional de Energia El\u00e9trica (Aneel) e Minist\u00e9rio de Minas e Energia (MME). Realizada tamb\u00e9m em anos anteriores, a Campanha de Uso Consciente de [&hellip;]<\/p>\n","protected":false},"author":246,"featured_media":187213,"comment_status":"closed","ping_status":"closed","sticky":false,"template":"","format":"standard","meta":{"footnotes":""},"categories":[436,261,439],"tags":[],"class_list":["post-187212","post","type-post","status-publish","format-standard","has-post-thumbnail","hentry","category-destaque-da-semana","category-economia","category-ultima-hora"],"_links":{"self":[{"href":"https:\/\/diarioregionaldigital.com.br\/index.php?rest_route=\/wp\/v2\/posts\/187212","targetHints":{"allow":["GET"]}}],"collection":[{"href":"https:\/\/diarioregionaldigital.com.br\/index.php?rest_route=\/wp\/v2\/posts"}],"about":[{"href":"https:\/\/diarioregionaldigital.com.br\/index.php?rest_route=\/wp\/v2\/types\/post"}],"author":[{"embeddable":true,"href":"https:\/\/diarioregionaldigital.com.br\/index.php?rest_route=\/wp\/v2\/users\/246"}],"replies":[{"embeddable":true,"href":"https:\/\/diarioregionaldigital.com.br\/index.php?rest_route=%2Fwp%2Fv2%2Fcomments&post=187212"}],"version-history":[{"count":1,"href":"https:\/\/diarioregionaldigital.com.br\/index.php?rest_route=\/wp\/v2\/posts\/187212\/revisions"}],"predecessor-version":[{"id":187214,"href":"https:\/\/diarioregionaldigital.com.br\/index.php?rest_route=\/wp\/v2\/posts\/187212\/revisions\/187214"}],"wp:featuredmedia":[{"embeddable":true,"href":"https:\/\/diarioregionaldigital.com.br\/index.php?rest_route=\/wp\/v2\/media\/187213"}],"wp:attachment":[{"href":"https:\/\/diarioregionaldigital.com.br\/index.php?rest_route=%2Fwp%2Fv2%2Fmedia&parent=187212"}],"wp:term":[{"taxonomy":"category","embeddable":true,"href":"https:\/\/diarioregionaldigital.com.br\/index.php?rest_route=%2Fwp%2Fv2%2Fcategories&post=187212"},{"taxonomy":"post_tag","embeddable":true,"href":"https:\/\/diarioregionaldigital.com.br\/index.php?rest_route=%2Fwp%2Fv2%2Ftags&post=187212"}],"curies":[{"name":"wp","href":"https:\/\/api.w.org\/{rel}","templated":true}]}}