{"id":187209,"date":"2021-08-20T19:03:47","date_gmt":"2021-08-20T22:03:47","guid":{"rendered":"https:\/\/diarioregionaldigital.com.br\/?p=187209"},"modified":"2021-08-20T19:03:47","modified_gmt":"2021-08-20T22:03:47","slug":"dolar-sobe-para-r-542-e-fecha-no-maior-nivel-desde-maio","status":"publish","type":"post","link":"https:\/\/diarioregionaldigital.com.br\/?p=187209","title":{"rendered":"D\u00f3lar sobe para R$ 5,42 e fecha no maior n\u00edvel desde maio"},"content":{"rendered":"<p>As tens\u00f5es no mercado financeiro internacional voltaram a dominar as negocia\u00e7\u00f5es nesta quinta-feira (19), fazendo o d\u00f3lar ultrapassar a barreira de R$ 5,40 e fechar no n\u00edvel mais alto desde o in\u00edcio de maio. A bolsa chegou a cair 1,58% durante a manh\u00e3, mas recuperou-se ao longo do dia e teve a primeira alta ap\u00f3s tr\u00eas dias seguidos de perda.<img decoding=\"async\" src=\"https:\/\/agenciabrasil.ebc.com.br\/ebc.png?id=1419028&amp;o=node\" \/><img decoding=\"async\" src=\"https:\/\/agenciabrasil.ebc.com.br\/ebc.gif?id=1419028&amp;o=node\" \/><\/p>\n<p>O d\u00f3lar comercial fechou o dia vendido a R$ 5,423, com alta de R$ 0,048 (+0,89%). A cota\u00e7\u00e3o operou em alta durante toda a sess\u00e3o, chegando a ultrapassar R$ 5,45 no in\u00edcio das negocia\u00e7\u00f5es.<\/p>\n<p>Com a valoriza\u00e7\u00e3o nos \u00faltimos dias, a divisa acumula alta de 4,09% apenas em agosto. Em 2021, a alta chega a 4,51%.<\/p>\n<p>No mercado de a\u00e7\u00f5es, o dia foi marcado pela leve recupera\u00e7\u00e3o. Depois de tr\u00eas quedas seguidas, o \u00edndice Ibovespa, da B3, fechou aos 117.165 pontos, com alta de 0,45%. O indicador inverteu a queda registrada pela manh\u00e3, ap\u00f3s ficar abaixo dos 115 mil pontos, influenciado pela alta das bolsas norte-americanas e pelo movimento de compra de a\u00e7\u00f5es depois de alguns pap\u00e9is terem ficado baratos.<\/p>\n<p>Tanto fatores internos como externos t\u00eam provocado nervosismo no mercado nos \u00faltimos dias. O d\u00f3lar subiu em todo o planeta pelo segundo dia seguido, ap\u00f3s a ata da \u00faltima reuni\u00e3o do Federal Reserve (Fed, Banco Central norte-americano) ter indicado que parte dos dirigentes defende o in\u00edcio, ainda este ano, da retirada dos est\u00edmulos monet\u00e1rios concedidos durante a pandemia de covid-19.<\/p>\n<p>Paralelamente, as preocupa\u00e7\u00f5es com a dissemina\u00e7\u00e3o da variante Delta do novo coronav\u00edrus aumentaram as tens\u00f5es. Os pre\u00e7os das\u00a0<em>commodities<\/em>\u00a0(bens prim\u00e1rios com cota\u00e7\u00e3o internacional) continuaram a cair, em meio aos receios de atraso na recupera\u00e7\u00e3o econ\u00f4mica global.<\/p>\n<p>No Brasil, as discuss\u00f5es em torno da proposta de emenda \u00e0 Constitui\u00e7\u00e3o (PEC) que parcela os precat\u00f3rios e da reforma do Imposto de Renda (IR) refor\u00e7aram os ru\u00eddos. Os investidores temem que a PEC crie gastos fora do teto e que as mudan\u00e7as no IR reduzam a arrecada\u00e7\u00e3o, agravando o desequil\u00edbrio das contas p\u00fablicas.<\/p>\n<p><span style=\"font-weight: 400;\">Fonte: Ag\u00eancia Brasil \/ Reuters<\/span><\/p>\n","protected":false},"excerpt":{"rendered":"<p>As tens\u00f5es no mercado financeiro internacional voltaram a dominar as negocia\u00e7\u00f5es nesta quinta-feira (19), fazendo o d\u00f3lar ultrapassar a barreira de R$ 5,40 e fechar no n\u00edvel mais alto desde o in\u00edcio de maio. A bolsa chegou a cair 1,58% durante a manh\u00e3, mas recuperou-se ao longo do dia e teve a primeira alta ap\u00f3s [&hellip;]<\/p>\n","protected":false},"author":246,"featured_media":187210,"comment_status":"closed","ping_status":"closed","sticky":false,"template":"","format":"standard","meta":{"footnotes":""},"categories":[436,261,439],"tags":[],"class_list":["post-187209","post","type-post","status-publish","format-standard","has-post-thumbnail","hentry","category-destaque-da-semana","category-economia","category-ultima-hora"],"_links":{"self":[{"href":"https:\/\/diarioregionaldigital.com.br\/index.php?rest_route=\/wp\/v2\/posts\/187209","targetHints":{"allow":["GET"]}}],"collection":[{"href":"https:\/\/diarioregionaldigital.com.br\/index.php?rest_route=\/wp\/v2\/posts"}],"about":[{"href":"https:\/\/diarioregionaldigital.com.br\/index.php?rest_route=\/wp\/v2\/types\/post"}],"author":[{"embeddable":true,"href":"https:\/\/diarioregionaldigital.com.br\/index.php?rest_route=\/wp\/v2\/users\/246"}],"replies":[{"embeddable":true,"href":"https:\/\/diarioregionaldigital.com.br\/index.php?rest_route=%2Fwp%2Fv2%2Fcomments&post=187209"}],"version-history":[{"count":1,"href":"https:\/\/diarioregionaldigital.com.br\/index.php?rest_route=\/wp\/v2\/posts\/187209\/revisions"}],"predecessor-version":[{"id":187211,"href":"https:\/\/diarioregionaldigital.com.br\/index.php?rest_route=\/wp\/v2\/posts\/187209\/revisions\/187211"}],"wp:featuredmedia":[{"embeddable":true,"href":"https:\/\/diarioregionaldigital.com.br\/index.php?rest_route=\/wp\/v2\/media\/187210"}],"wp:attachment":[{"href":"https:\/\/diarioregionaldigital.com.br\/index.php?rest_route=%2Fwp%2Fv2%2Fmedia&parent=187209"}],"wp:term":[{"taxonomy":"category","embeddable":true,"href":"https:\/\/diarioregionaldigital.com.br\/index.php?rest_route=%2Fwp%2Fv2%2Fcategories&post=187209"},{"taxonomy":"post_tag","embeddable":true,"href":"https:\/\/diarioregionaldigital.com.br\/index.php?rest_route=%2Fwp%2Fv2%2Ftags&post=187209"}],"curies":[{"name":"wp","href":"https:\/\/api.w.org\/{rel}","templated":true}]}}