{"id":187202,"date":"2021-08-20T18:47:04","date_gmt":"2021-08-20T21:47:04","guid":{"rendered":"https:\/\/diarioregionaldigital.com.br\/?p=187202"},"modified":"2021-08-20T18:47:04","modified_gmt":"2021-08-20T21:47:04","slug":"policia-militar-atende-vitima-de-roubo-no-bairro-cascatinha","status":"publish","type":"post","link":"https:\/\/diarioregionaldigital.com.br\/?p=187202","title":{"rendered":"Pol\u00edcia Militar atende v\u00edtima de roubo no bairro Cascatinha"},"content":{"rendered":"<p>No in\u00edcio da tarde desta quinta-feira, 19ago21 por volta das 12h55min, a Pol\u00edcia Militar foi acionada a comparecer na Rua Ant\u00f4nio Altaf no bairro Cascatinha para atendimento a uma mulher de 61 anos, v\u00edtima de roubo. Segundo relato, estava no interior do hortifruti quando o suspeito entrou no local, simulando estar armado anunciou o roubo, roubou o aparelho celular e a quantia de R$ 120,00, trancou a v\u00edtima no banheiro e fugiu. A v\u00edtima foi orientada quanto \u00e0s demais provid\u00eancias, e a Pol\u00edcia Militar segue em rastreamento.<\/p>\n","protected":false},"excerpt":{"rendered":"<p>No in\u00edcio da tarde desta quinta-feira, 19ago21 por volta das 12h55min, a Pol\u00edcia Militar foi acionada a comparecer na Rua Ant\u00f4nio Altaf no bairro Cascatinha para atendimento a uma mulher de 61 anos, v\u00edtima de roubo. Segundo relato, estava no interior do hortifruti quando o suspeito entrou no local, simulando estar armado anunciou o roubo, [&hellip;]<\/p>\n","protected":false},"author":246,"featured_media":187203,"comment_status":"closed","ping_status":"closed","sticky":false,"template":"","format":"standard","meta":{"footnotes":""},"categories":[301,1229],"tags":[],"class_list":["post-187202","post","type-post","status-publish","format-standard","has-post-thumbnail","hentry","category-artigos-policiais","category-policial"],"_links":{"self":[{"href":"https:\/\/diarioregionaldigital.com.br\/index.php?rest_route=\/wp\/v2\/posts\/187202","targetHints":{"allow":["GET"]}}],"collection":[{"href":"https:\/\/diarioregionaldigital.com.br\/index.php?rest_route=\/wp\/v2\/posts"}],"about":[{"href":"https:\/\/diarioregionaldigital.com.br\/index.php?rest_route=\/wp\/v2\/types\/post"}],"author":[{"embeddable":true,"href":"https:\/\/diarioregionaldigital.com.br\/index.php?rest_route=\/wp\/v2\/users\/246"}],"replies":[{"embeddable":true,"href":"https:\/\/diarioregionaldigital.com.br\/index.php?rest_route=%2Fwp%2Fv2%2Fcomments&post=187202"}],"version-history":[{"count":2,"href":"https:\/\/diarioregionaldigital.com.br\/index.php?rest_route=\/wp\/v2\/posts\/187202\/revisions"}],"predecessor-version":[{"id":187205,"href":"https:\/\/diarioregionaldigital.com.br\/index.php?rest_route=\/wp\/v2\/posts\/187202\/revisions\/187205"}],"wp:featuredmedia":[{"embeddable":true,"href":"https:\/\/diarioregionaldigital.com.br\/index.php?rest_route=\/wp\/v2\/media\/187203"}],"wp:attachment":[{"href":"https:\/\/diarioregionaldigital.com.br\/index.php?rest_route=%2Fwp%2Fv2%2Fmedia&parent=187202"}],"wp:term":[{"taxonomy":"category","embeddable":true,"href":"https:\/\/diarioregionaldigital.com.br\/index.php?rest_route=%2Fwp%2Fv2%2Fcategories&post=187202"},{"taxonomy":"post_tag","embeddable":true,"href":"https:\/\/diarioregionaldigital.com.br\/index.php?rest_route=%2Fwp%2Fv2%2Ftags&post=187202"}],"curies":[{"name":"wp","href":"https:\/\/api.w.org\/{rel}","templated":true}]}}