{"id":187198,"date":"2021-08-19T23:47:59","date_gmt":"2021-08-20T02:47:59","guid":{"rendered":"https:\/\/diarioregionaldigital.com.br\/?p=187198"},"modified":"2021-08-19T23:47:59","modified_gmt":"2021-08-20T02:47:59","slug":"camara-municipal-de-matias-barbosa-licitacao-no-48-20-08-2021","status":"publish","type":"post","link":"https:\/\/diarioregionaldigital.com.br\/?p=187198","title":{"rendered":"C\u00e2mara Municipal de Matias Barbosa &#8211; Licita\u00e7\u00e3o n\u00ba 48 &#8211; 20\/08\/2021"},"content":{"rendered":"<p><img loading=\"lazy\" decoding=\"async\" class=\"aligncenter wp-image-187193\" src=\"https:\/\/diarioregionaldigital.com.br\/wp-content\/uploads\/2021\/08\/AVISO-DE-LICITACAO.jpg\" alt=\"\" width=\"500\" height=\"560\" srcset=\"https:\/\/diarioregionaldigital.com.br\/wp-content\/uploads\/2021\/08\/AVISO-DE-LICITACAO.jpg 1924w, https:\/\/diarioregionaldigital.com.br\/wp-content\/uploads\/2021\/08\/AVISO-DE-LICITACAO-268x300.jpg 268w, https:\/\/diarioregionaldigital.com.br\/wp-content\/uploads\/2021\/08\/AVISO-DE-LICITACAO-915x1024.jpg 915w, https:\/\/diarioregionaldigital.com.br\/wp-content\/uploads\/2021\/08\/AVISO-DE-LICITACAO-768x860.jpg 768w, https:\/\/diarioregionaldigital.com.br\/wp-content\/uploads\/2021\/08\/AVISO-DE-LICITACAO-1372x1536.jpg 1372w, https:\/\/diarioregionaldigital.com.br\/wp-content\/uploads\/2021\/08\/AVISO-DE-LICITACAO-1829x2048.jpg 1829w, https:\/\/diarioregionaldigital.com.br\/wp-content\/uploads\/2021\/08\/AVISO-DE-LICITACAO-360x403.jpg 360w\" sizes=\"auto, (max-width: 500px) 100vw, 500px\" \/><\/p>\n","protected":false},"excerpt":{"rendered":"","protected":false},"author":96,"featured_media":0,"comment_status":"closed","ping_status":"closed","sticky":false,"template":"","format":"standard","meta":{"footnotes":""},"categories":[307],"tags":[],"class_list":["post-187198","post","type-post","status-publish","format-standard","hentry","category-editais"],"_links":{"self":[{"href":"https:\/\/diarioregionaldigital.com.br\/index.php?rest_route=\/wp\/v2\/posts\/187198","targetHints":{"allow":["GET"]}}],"collection":[{"href":"https:\/\/diarioregionaldigital.com.br\/index.php?rest_route=\/wp\/v2\/posts"}],"about":[{"href":"https:\/\/diarioregionaldigital.com.br\/index.php?rest_route=\/wp\/v2\/types\/post"}],"author":[{"embeddable":true,"href":"https:\/\/diarioregionaldigital.com.br\/index.php?rest_route=\/wp\/v2\/users\/96"}],"replies":[{"embeddable":true,"href":"https:\/\/diarioregionaldigital.com.br\/index.php?rest_route=%2Fwp%2Fv2%2Fcomments&post=187198"}],"version-history":[{"count":1,"href":"https:\/\/diarioregionaldigital.com.br\/index.php?rest_route=\/wp\/v2\/posts\/187198\/revisions"}],"predecessor-version":[{"id":187199,"href":"https:\/\/diarioregionaldigital.com.br\/index.php?rest_route=\/wp\/v2\/posts\/187198\/revisions\/187199"}],"wp:attachment":[{"href":"https:\/\/diarioregionaldigital.com.br\/index.php?rest_route=%2Fwp%2Fv2%2Fmedia&parent=187198"}],"wp:term":[{"taxonomy":"category","embeddable":true,"href":"https:\/\/diarioregionaldigital.com.br\/index.php?rest_route=%2Fwp%2Fv2%2Fcategories&post=187198"},{"taxonomy":"post_tag","embeddable":true,"href":"https:\/\/diarioregionaldigital.com.br\/index.php?rest_route=%2Fwp%2Fv2%2Ftags&post=187198"}],"curies":[{"name":"wp","href":"https:\/\/api.w.org\/{rel}","templated":true}]}}