{"id":187187,"date":"2021-08-19T19:02:15","date_gmt":"2021-08-19T22:02:15","guid":{"rendered":"https:\/\/diarioregionaldigital.com.br\/?p=187187"},"modified":"2021-08-19T19:02:15","modified_gmt":"2021-08-19T22:02:15","slug":"cesama-amplia-rede-de-succao-para-reforcar-abastecimento-no-bairro-linhares","status":"publish","type":"post","link":"https:\/\/diarioregionaldigital.com.br\/?p=187187","title":{"rendered":"Cesama amplia rede de suc\u00e7\u00e3o para refor\u00e7ar abastecimento no bairro Linhares"},"content":{"rendered":"<p>Nesta quinta-feira, 19, a Companhia de Saneamento Municipal (Cesama) da Prefeitura de Juiz de Fora (PJF) segue com as obras de amplia\u00e7\u00e3o de uma rede de suc\u00e7\u00e3o no bairro Linhares. Representando um investimento de mais de R$ 1,5 milh\u00e3o, a obra tem como objetivo proporcionar maior disponibilidade de \u00e1gua para a esta\u00e7\u00e3o elevat\u00f3ria que atende a comunidade e regi\u00e3o e, por consequ\u00eancia, para os seus moradores. As interven\u00e7\u00f5es tiveram in\u00edcio em julho e t\u00eam previs\u00e3o de t\u00e9rmino para dezembro.<\/p>\n<p>Segundo informa\u00e7\u00f5es do site da Prefeitura de Juiz de Fora, o diretor de desenvolvimento e expans\u00e3o da Cesama, Marcelo Mello do Amaral, explicou que os trabalhos est\u00e3o focados na rua Vitorino Braga, no bairro de mesmo nome, onde ser\u00e1 implantado 1 quil\u00f4metro de redes de ferro fundido, com 400 mil\u00edmetros de di\u00e2metro. \u201cOs servi\u00e7os est\u00e3o acontecendo em dois pontos da via: na altura dos n\u00fameros 239, onde o tr\u00e2nsito est\u00e1 interditado no sentido para a Avenida Brasil, e 595, com o fluxo de ve\u00edculos seguindo o esquema \u201cpare e siga\u201d, das 7h \u00e0s 17h, de segunda a sexta-feira\u201d, detalhou, lembrando que tamb\u00e9m ser\u00e3o realizadas interven\u00e7\u00f5es futuras na rua Coronel J\u00falio Modesto.<\/p>\n","protected":false},"excerpt":{"rendered":"<p>Nesta quinta-feira, 19, a Companhia de Saneamento Municipal (Cesama) da Prefeitura de Juiz de Fora (PJF) segue com as obras de amplia\u00e7\u00e3o de uma rede de suc\u00e7\u00e3o no bairro Linhares. Representando um investimento de mais de R$ 1,5 milh\u00e3o, a obra tem como objetivo proporcionar maior disponibilidade de \u00e1gua para a esta\u00e7\u00e3o elevat\u00f3ria que atende [&hellip;]<\/p>\n","protected":false},"author":246,"featured_media":187188,"comment_status":"closed","ping_status":"closed","sticky":false,"template":"","format":"standard","meta":{"footnotes":""},"categories":[253,436,439],"tags":[],"class_list":["post-187187","post","type-post","status-publish","format-standard","has-post-thumbnail","hentry","category-cidade","category-destaque-da-semana","category-ultima-hora"],"_links":{"self":[{"href":"https:\/\/diarioregionaldigital.com.br\/index.php?rest_route=\/wp\/v2\/posts\/187187","targetHints":{"allow":["GET"]}}],"collection":[{"href":"https:\/\/diarioregionaldigital.com.br\/index.php?rest_route=\/wp\/v2\/posts"}],"about":[{"href":"https:\/\/diarioregionaldigital.com.br\/index.php?rest_route=\/wp\/v2\/types\/post"}],"author":[{"embeddable":true,"href":"https:\/\/diarioregionaldigital.com.br\/index.php?rest_route=\/wp\/v2\/users\/246"}],"replies":[{"embeddable":true,"href":"https:\/\/diarioregionaldigital.com.br\/index.php?rest_route=%2Fwp%2Fv2%2Fcomments&post=187187"}],"version-history":[{"count":1,"href":"https:\/\/diarioregionaldigital.com.br\/index.php?rest_route=\/wp\/v2\/posts\/187187\/revisions"}],"predecessor-version":[{"id":187189,"href":"https:\/\/diarioregionaldigital.com.br\/index.php?rest_route=\/wp\/v2\/posts\/187187\/revisions\/187189"}],"wp:featuredmedia":[{"embeddable":true,"href":"https:\/\/diarioregionaldigital.com.br\/index.php?rest_route=\/wp\/v2\/media\/187188"}],"wp:attachment":[{"href":"https:\/\/diarioregionaldigital.com.br\/index.php?rest_route=%2Fwp%2Fv2%2Fmedia&parent=187187"}],"wp:term":[{"taxonomy":"category","embeddable":true,"href":"https:\/\/diarioregionaldigital.com.br\/index.php?rest_route=%2Fwp%2Fv2%2Fcategories&post=187187"},{"taxonomy":"post_tag","embeddable":true,"href":"https:\/\/diarioregionaldigital.com.br\/index.php?rest_route=%2Fwp%2Fv2%2Ftags&post=187187"}],"curies":[{"name":"wp","href":"https:\/\/api.w.org\/{rel}","templated":true}]}}