{"id":187184,"date":"2021-08-19T18:58:55","date_gmt":"2021-08-19T21:58:55","guid":{"rendered":"https:\/\/diarioregionaldigital.com.br\/?p=187184"},"modified":"2021-08-19T18:58:55","modified_gmt":"2021-08-19T21:58:55","slug":"manutencao-emergencial-na-elevatoria-ase-grama-pode-afetar-abastecimento-da-regiao","status":"publish","type":"post","link":"https:\/\/diarioregionaldigital.com.br\/?p=187184","title":{"rendered":"Manuten\u00e7\u00e3o emergencial na elevat\u00f3ria Ase-Grama pode afetar abastecimento da regi\u00e3o"},"content":{"rendered":"<p>Nesta sexta-feira, 20, a Companhia de Saneamento Municipal (Cesama) da Prefeitura de Juiz de Fora (PJF) realizar\u00e1 uma manuten\u00e7\u00e3o emergencial na elevat\u00f3ria de \u00e1gua Ase-Grama, respons\u00e1vel pelo abastecimento de Grama e regi\u00e3o. Segundo informa\u00e7\u00f5es do site da Prefeitura de Juiz de Fora, os trabalhos ser\u00e3o feitos das 8h \u00e0s 12h e, para isso, ser\u00e1 necess\u00e1rio interromper o funcionamento da unidade, podendo comprometer o fornecimento de \u00e1gua das localidades de Grama, Parque Independ\u00eancia, Nova Su\u00ed\u00e7a, Vila Montanhesa, Nova Gramado, Recanto dos Lagos, Linhares, Granjas Beth\u00e2nia, Parque Guarani, Vivendas da Serra, Progresso, Santa Paula, Loteamento S\u00e3o Lu\u00eds, Filgueiras, Terras do Comendador e Jardim Ema\u00fas.<\/p>\n<p>A Cesama pede a compreens\u00e3o da popula\u00e7\u00e3o para que economize \u00e1gua at\u00e9 que o servi\u00e7o seja conclu\u00eddo. A previs\u00e3o \u00e9 de que o abastecimento seja totalmente regularizado ainda durante a noite de sexta-feira.<\/p>\n","protected":false},"excerpt":{"rendered":"<p>Nesta sexta-feira, 20, a Companhia de Saneamento Municipal (Cesama) da Prefeitura de Juiz de Fora (PJF) realizar\u00e1 uma manuten\u00e7\u00e3o emergencial na elevat\u00f3ria de \u00e1gua Ase-Grama, respons\u00e1vel pelo abastecimento de Grama e regi\u00e3o. Segundo informa\u00e7\u00f5es do site da Prefeitura de Juiz de Fora, os trabalhos ser\u00e3o feitos das 8h \u00e0s 12h e, para isso, ser\u00e1 necess\u00e1rio [&hellip;]<\/p>\n","protected":false},"author":246,"featured_media":187185,"comment_status":"closed","ping_status":"closed","sticky":false,"template":"","format":"standard","meta":{"footnotes":""},"categories":[253,436,439],"tags":[],"class_list":["post-187184","post","type-post","status-publish","format-standard","has-post-thumbnail","hentry","category-cidade","category-destaque-da-semana","category-ultima-hora"],"_links":{"self":[{"href":"https:\/\/diarioregionaldigital.com.br\/index.php?rest_route=\/wp\/v2\/posts\/187184","targetHints":{"allow":["GET"]}}],"collection":[{"href":"https:\/\/diarioregionaldigital.com.br\/index.php?rest_route=\/wp\/v2\/posts"}],"about":[{"href":"https:\/\/diarioregionaldigital.com.br\/index.php?rest_route=\/wp\/v2\/types\/post"}],"author":[{"embeddable":true,"href":"https:\/\/diarioregionaldigital.com.br\/index.php?rest_route=\/wp\/v2\/users\/246"}],"replies":[{"embeddable":true,"href":"https:\/\/diarioregionaldigital.com.br\/index.php?rest_route=%2Fwp%2Fv2%2Fcomments&post=187184"}],"version-history":[{"count":1,"href":"https:\/\/diarioregionaldigital.com.br\/index.php?rest_route=\/wp\/v2\/posts\/187184\/revisions"}],"predecessor-version":[{"id":187186,"href":"https:\/\/diarioregionaldigital.com.br\/index.php?rest_route=\/wp\/v2\/posts\/187184\/revisions\/187186"}],"wp:featuredmedia":[{"embeddable":true,"href":"https:\/\/diarioregionaldigital.com.br\/index.php?rest_route=\/wp\/v2\/media\/187185"}],"wp:attachment":[{"href":"https:\/\/diarioregionaldigital.com.br\/index.php?rest_route=%2Fwp%2Fv2%2Fmedia&parent=187184"}],"wp:term":[{"taxonomy":"category","embeddable":true,"href":"https:\/\/diarioregionaldigital.com.br\/index.php?rest_route=%2Fwp%2Fv2%2Fcategories&post=187184"},{"taxonomy":"post_tag","embeddable":true,"href":"https:\/\/diarioregionaldigital.com.br\/index.php?rest_route=%2Fwp%2Fv2%2Ftags&post=187184"}],"curies":[{"name":"wp","href":"https:\/\/api.w.org\/{rel}","templated":true}]}}