{"id":187179,"date":"2021-08-19T18:55:53","date_gmt":"2021-08-19T21:55:53","guid":{"rendered":"https:\/\/diarioregionaldigital.com.br\/?p=187179"},"modified":"2021-08-19T18:55:53","modified_gmt":"2021-08-19T21:55:53","slug":"pjf-comeca-distribuicao-de-kit-alimentacao-nas-escolas-municipais-e-creches-parceiras","status":"publish","type":"post","link":"https:\/\/diarioregionaldigital.com.br\/?p=187179","title":{"rendered":"PJF come\u00e7a distribui\u00e7\u00e3o de Kit Alimenta\u00e7\u00e3o nas escolas municipais e creches parceiras"},"content":{"rendered":"<p>Nesta semana, as escolas municipais e creches parceiras da Prefeitura de Juiz de Fora (PJF) come\u00e7aram a receber os &#8220;kits alimenta\u00e7\u00e3o&#8221; que ser\u00e3o distribu\u00eddos aos mais de 33 mil atendidos pela rede municipal de ensino que realizaram o cadastro. A iniciativa \u00e9 uma parceria entre as secretarias de Educa\u00e7\u00e3o (SE) e Agricultura, Pecu\u00e1ria e Abastecimento (Seapa), que garante a alimenta\u00e7\u00e3o dos alunos no ano letivo completo, seguindo o calend\u00e1rio escolar.<\/p>\n<p>Segundo informa\u00e7\u00f5es do site da Prefeitura de Juiz de Fora, neste m\u00eas, ser\u00e3o entregues 65.199 kits referentes a dois meses, abril e agosto. Os alimentos contidos no kit seguem par\u00e2metros nutricionais e s\u00e3o destinados para o preparo de refei\u00e7\u00f5es de cada benefici\u00e1rio. O \u201cKit 1\u201d cont\u00e9m \u00f3leo, sal, canjiquinha de milho, arroz, feij\u00e3o preto e macarr\u00e3o espaguete. J\u00e1 o \u201cKit 2\u201d, foi montado com polpa de tomate, fub\u00e1 de milho, arroz, feij\u00e3o preto e macarr\u00e3o espaguete.<\/p>\n<p>Ap\u00f3s a entrega nas escolas e creches realizada pelos fornecedores, a dire\u00e7\u00e3o das institui\u00e7\u00f5es entrar\u00e1 em contato com as fam\u00edlias para agendar a retirada, evitando aglomera\u00e7\u00f5es nos espa\u00e7os. A SE pede que as fam\u00edlias fiquem atentas aos grupos de WhatsApp e as redes sociais das institui\u00e7\u00f5es de ensino e liga\u00e7\u00f5es.<\/p>\n","protected":false},"excerpt":{"rendered":"<p>Nesta semana, as escolas municipais e creches parceiras da Prefeitura de Juiz de Fora (PJF) come\u00e7aram a receber os &#8220;kits alimenta\u00e7\u00e3o&#8221; que ser\u00e3o distribu\u00eddos aos mais de 33 mil atendidos pela rede municipal de ensino que realizaram o cadastro. A iniciativa \u00e9 uma parceria entre as secretarias de Educa\u00e7\u00e3o (SE) e Agricultura, Pecu\u00e1ria e Abastecimento [&hellip;]<\/p>\n","protected":false},"author":246,"featured_media":187181,"comment_status":"closed","ping_status":"closed","sticky":false,"template":"","format":"standard","meta":{"footnotes":""},"categories":[253,436,439],"tags":[],"class_list":["post-187179","post","type-post","status-publish","format-standard","has-post-thumbnail","hentry","category-cidade","category-destaque-da-semana","category-ultima-hora"],"_links":{"self":[{"href":"https:\/\/diarioregionaldigital.com.br\/index.php?rest_route=\/wp\/v2\/posts\/187179","targetHints":{"allow":["GET"]}}],"collection":[{"href":"https:\/\/diarioregionaldigital.com.br\/index.php?rest_route=\/wp\/v2\/posts"}],"about":[{"href":"https:\/\/diarioregionaldigital.com.br\/index.php?rest_route=\/wp\/v2\/types\/post"}],"author":[{"embeddable":true,"href":"https:\/\/diarioregionaldigital.com.br\/index.php?rest_route=\/wp\/v2\/users\/246"}],"replies":[{"embeddable":true,"href":"https:\/\/diarioregionaldigital.com.br\/index.php?rest_route=%2Fwp%2Fv2%2Fcomments&post=187179"}],"version-history":[{"count":2,"href":"https:\/\/diarioregionaldigital.com.br\/index.php?rest_route=\/wp\/v2\/posts\/187179\/revisions"}],"predecessor-version":[{"id":187183,"href":"https:\/\/diarioregionaldigital.com.br\/index.php?rest_route=\/wp\/v2\/posts\/187179\/revisions\/187183"}],"wp:featuredmedia":[{"embeddable":true,"href":"https:\/\/diarioregionaldigital.com.br\/index.php?rest_route=\/wp\/v2\/media\/187181"}],"wp:attachment":[{"href":"https:\/\/diarioregionaldigital.com.br\/index.php?rest_route=%2Fwp%2Fv2%2Fmedia&parent=187179"}],"wp:term":[{"taxonomy":"category","embeddable":true,"href":"https:\/\/diarioregionaldigital.com.br\/index.php?rest_route=%2Fwp%2Fv2%2Fcategories&post=187179"},{"taxonomy":"post_tag","embeddable":true,"href":"https:\/\/diarioregionaldigital.com.br\/index.php?rest_route=%2Fwp%2Fv2%2Ftags&post=187179"}],"curies":[{"name":"wp","href":"https:\/\/api.w.org\/{rel}","templated":true}]}}