{"id":187176,"date":"2021-08-19T18:49:22","date_gmt":"2021-08-19T21:49:22","guid":{"rendered":"https:\/\/diarioregionaldigital.com.br\/?p=187176"},"modified":"2021-08-19T18:49:22","modified_gmt":"2021-08-19T21:49:22","slug":"juiz-de-fora-tera-primeiro-comite-de-desburocratizacao-do-estado-de-minas-gerais","status":"publish","type":"post","link":"https:\/\/diarioregionaldigital.com.br\/?p=187176","title":{"rendered":"Juiz de Fora ter\u00e1 primeiro comit\u00ea de desburocratiza\u00e7\u00e3o do estado de Minas Gerais"},"content":{"rendered":"<p>Juiz de Fora ganhar\u00e1 o primeiro comit\u00ea de desburocratiza\u00e7\u00e3o do estado de Minas Gerais. O decreto de cria\u00e7\u00e3o foi assinado pela prefeita Margarida Salom\u00e3o, durante coletiva de imprensa realizada nesta quinta-feira, 19, e ser\u00e1 publicado no Di\u00e1rio Oficial do Munic\u00edpio. Segundo informa\u00e7\u00f5es do site da Prefeitura de Juiz de Fora, o grupo ser\u00e1 formado pelas secretarias de Desenvolvimento Sustent\u00e1vel e Inclusivo, da Inova\u00e7\u00e3o e Competitividade (Sedic), coordenadora do comit\u00ea; de Planejamento Urbano (Sepur); de Sustentabilidade em Meio Ambiente e Atividades Urbanas (Sesmaur); da Fazenda (SF); de Transforma\u00e7\u00e3o Digital e Administrativa (STDA); de Sa\u00fade (SS); al\u00e9m da Procuradoria Geral do Munic\u00edpio (PGM).<\/p>\n<p>\u201c\u00c9 mais um passo que estamos dando para criar um ambiente mais favor\u00e1vel aos neg\u00f3cios, em dire\u00e7\u00e3o ao programa \u201cDesenrola, Juiz de Fora\u201d, (que compreende) a Sala do Empreendedor, o decreto de simplifica\u00e7\u00e3o e a Cianne (C\u00e2mara Integrada para An\u00e1lise e Aprova\u00e7\u00e3o de Novos Empreendimentos). A grande vantagem \u00e9 colocar todos juntos para resolver os problemas, o que resulta em decis\u00f5es com mais qualidade e agilidade\u201d, destaca a prefeita.<\/p>\n<p>Para o secret\u00e1rio de Desenvolvimento, Ignacio Delgado, o que se busca \u00e9 uma cidade mais amistosa para os empreendimentos. \u201cCom esse decreto, pretendemos, em um prazo definido de 90 dias, fazer um balan\u00e7o de todos os procedimentos que envolvem o mundo dos neg\u00f3cios em Juiz de Fora, incluindo a legisla\u00e7\u00e3o do munic\u00edpio, para, em colabora\u00e7\u00e3o com a C\u00e2mara Municipal, tornar a vida econ\u00f4mica mais din\u00e2mica. Essas medidas n\u00e3o s\u00e3o suficientes, mas s\u00e3o uma sinaliza\u00e7\u00e3o muito importante de que empreender na cidade n\u00e3o \u00e9 um sacrif\u00edcio, mas uma virtude que queremos cultivar para ajudar Juiz de Fora a encontrar o seu caminho.\u201d<\/p>\n<p>Entre os objetivos do \u201cComit\u00ea Gestor Integrado de Desburocratiza\u00e7\u00e3o, Simplifica\u00e7\u00e3o, Registro, Abertura, Legaliza\u00e7\u00e3o e Funcionamento de Empresas no Munic\u00edpio de Juiz de Fora\u201d, est\u00e1 gerenciar o tratamento simplificado, estabelecendo diretrizes e procedimentos para a desburocratiza\u00e7\u00e3o, simplifica\u00e7\u00e3o e integra\u00e7\u00e3o do processo de registro e legaliza\u00e7\u00e3o de empresas no munic\u00edpio, al\u00e9m de desenvolver mecanismos efetivos de coopera\u00e7\u00e3o e articula\u00e7\u00e3o t\u00e9cnica entre as secretarias municipais e o empreendedor que queira se estabelecer e os que j\u00e1 est\u00e3o estabelecidos na cidade.<\/p>\n<p>\u201cQuando a gente fala em desburocratiza\u00e7\u00e3o, estamos falando de possibilitar uma maior competitividade para as empresas locais e para as futuras empresas que gostariam de se instalar no nosso munic\u00edpio. Esse \u00e9 um pleito antigo que eu tenho certeza que vai ser muito bem atendido pela classe empresarial. Quando a Prefeitura se movimenta para esse ato, possibilita que outras empresas despertem para Juiz de Fora\u201d, avalia o gerente regional do Servi\u00e7o Brasileiro de Apoio \u00e0 Micro e Pequenas Empresas (Sebrae), Jo\u00e3o Roberto Lobo.<\/p>\n","protected":false},"excerpt":{"rendered":"<p>Juiz de Fora ganhar\u00e1 o primeiro comit\u00ea de desburocratiza\u00e7\u00e3o do estado de Minas Gerais. O decreto de cria\u00e7\u00e3o foi assinado pela prefeita Margarida Salom\u00e3o, durante coletiva de imprensa realizada nesta quinta-feira, 19, e ser\u00e1 publicado no Di\u00e1rio Oficial do Munic\u00edpio. Segundo informa\u00e7\u00f5es do site da Prefeitura de Juiz de Fora, o grupo ser\u00e1 formado pelas [&hellip;]<\/p>\n","protected":false},"author":246,"featured_media":187177,"comment_status":"closed","ping_status":"closed","sticky":false,"template":"","format":"standard","meta":{"footnotes":""},"categories":[253,440,439],"tags":[],"class_list":["post-187176","post","type-post","status-publish","format-standard","has-post-thumbnail","hentry","category-cidade","category-destaques-do-dia","category-ultima-hora"],"_links":{"self":[{"href":"https:\/\/diarioregionaldigital.com.br\/index.php?rest_route=\/wp\/v2\/posts\/187176","targetHints":{"allow":["GET"]}}],"collection":[{"href":"https:\/\/diarioregionaldigital.com.br\/index.php?rest_route=\/wp\/v2\/posts"}],"about":[{"href":"https:\/\/diarioregionaldigital.com.br\/index.php?rest_route=\/wp\/v2\/types\/post"}],"author":[{"embeddable":true,"href":"https:\/\/diarioregionaldigital.com.br\/index.php?rest_route=\/wp\/v2\/users\/246"}],"replies":[{"embeddable":true,"href":"https:\/\/diarioregionaldigital.com.br\/index.php?rest_route=%2Fwp%2Fv2%2Fcomments&post=187176"}],"version-history":[{"count":1,"href":"https:\/\/diarioregionaldigital.com.br\/index.php?rest_route=\/wp\/v2\/posts\/187176\/revisions"}],"predecessor-version":[{"id":187178,"href":"https:\/\/diarioregionaldigital.com.br\/index.php?rest_route=\/wp\/v2\/posts\/187176\/revisions\/187178"}],"wp:featuredmedia":[{"embeddable":true,"href":"https:\/\/diarioregionaldigital.com.br\/index.php?rest_route=\/wp\/v2\/media\/187177"}],"wp:attachment":[{"href":"https:\/\/diarioregionaldigital.com.br\/index.php?rest_route=%2Fwp%2Fv2%2Fmedia&parent=187176"}],"wp:term":[{"taxonomy":"category","embeddable":true,"href":"https:\/\/diarioregionaldigital.com.br\/index.php?rest_route=%2Fwp%2Fv2%2Fcategories&post=187176"},{"taxonomy":"post_tag","embeddable":true,"href":"https:\/\/diarioregionaldigital.com.br\/index.php?rest_route=%2Fwp%2Fv2%2Ftags&post=187176"}],"curies":[{"name":"wp","href":"https:\/\/api.w.org\/{rel}","templated":true}]}}