{"id":187173,"date":"2021-08-19T18:42:22","date_gmt":"2021-08-19T21:42:22","guid":{"rendered":"https:\/\/diarioregionaldigital.com.br\/?p=187173"},"modified":"2021-08-19T18:43:10","modified_gmt":"2021-08-19T21:43:10","slug":"osaka-diz-que-se-sentiu-ingrata-por-sua-atitude-em-relacao-ao-tenis","status":"publish","type":"post","link":"https:\/\/diarioregionaldigital.com.br\/?p=187173","title":{"rendered":"Osaka diz que se sentiu &#8220;ingrata&#8221; por sua atitude em rela\u00e7\u00e3o ao t\u00eanis"},"content":{"rendered":"<p>Naomi Osaka disse que por vezes se sentiu &#8220;ingrata&#8221; no ano passado por n\u00e3o valorizar totalmente sua vida como uma das melhores tenistas do mundo.<\/p>\n<p>A n\u00famero dois do mundo no t\u00eanis selou uma vit\u00f3ria de retorno sobre Coco Gauff no Western &amp; Southern Open em Cincinnati nesta quarta-feira (18), seu primeiro evento fora da Olimp\u00edada desde que se retirou do Aberto da Fran\u00e7a em maio.<\/p>\n<p>Ela saiu de Roland Garros depois de ser punida por se recusar a dar entrevistas coletivas, dizendo que sua sa\u00fade mental foi prejudicada por certas linhas de questionamento.<\/p>\n<p>Osaka derramou l\u00e1grimas e deixou rapidamente uma coletiva de imprensa em Cincinnati na segunda-feira (16) quando questionada sobre seu relacionamento com a m\u00eddia e retornou ao tema nesta quarta (18).<\/p>\n<p>&#8220;Estava me perguntando por que fui t\u00e3o afetada, do tipo o que me fez n\u00e3o querer m\u00eddia&#8221;, disse a jovem de 23 anos em uma coletiva de imprensa. &#8220;Ent\u00e3o depois eu estava pensando em acordar todos os dias, por mim, eu deveria sentir que estou ganhando. Tipo, a escolha de ir l\u00e1 e jogar, de ir ver os f\u00e3s, aquelas pessoas v\u00eam me ver jogar, isso por si s\u00f3 \u00e9 uma conquista&#8221;. &#8220;N\u00e3o tenho certeza de quando ao longo do caminho comecei a dessensibilizar isso. Como se tivesse come\u00e7ado a n\u00e3o ser uma conquista para mim. Ent\u00e3o me senti muito ingrata por esse fato.&#8221;<\/p>\n<p>A quatro vezes campe\u00e3 de torneios de Grand Slams disse que as restri\u00e7\u00f5es impostas devido \u00e0 pandemia de covid-19 tornaram as coisas &#8220;muito estressantes&#8221; para ela, mas os recentes acontecimentos no Haiti e no Afeganist\u00e3o levaram a uma mudan\u00e7a em sua perspectiva.<\/p>\n<p>Um terremoto de magnitude 7,2 matou mais de 2 mil pessoas no Haiti &#8211; pa\u00eds onde seu pai nasceu &#8211; enquanto o Afeganist\u00e3o est\u00e1 em crise.<\/p>\n<p>&#8220;Ver o estado do mundo, como tudo est\u00e1 no Haiti, Afeganist\u00e3o agora, \u00e9 definitivamente muito louco&#8221;, disse ela.<\/p>\n<p><span style=\"font-weight: 400;\"><br \/>\n<\/span><span style=\"font-weight: 400;\">Fonte: Ag\u00eancia Brasil <\/span><\/p>\n","protected":false},"excerpt":{"rendered":"<p>Naomi Osaka disse que por vezes se sentiu &#8220;ingrata&#8221; no ano passado por n\u00e3o valorizar totalmente sua vida como uma das melhores tenistas do mundo. A n\u00famero dois do mundo no t\u00eanis selou uma vit\u00f3ria de retorno sobre Coco Gauff no Western &amp; Southern Open em Cincinnati nesta quarta-feira (18), seu primeiro evento fora da [&hellip;]<\/p>\n","protected":false},"author":246,"featured_media":187174,"comment_status":"closed","ping_status":"closed","sticky":false,"template":"","format":"standard","meta":{"footnotes":""},"categories":[436,257,439],"tags":[],"class_list":["post-187173","post","type-post","status-publish","format-standard","has-post-thumbnail","hentry","category-destaque-da-semana","category-esporte","category-ultima-hora"],"_links":{"self":[{"href":"https:\/\/diarioregionaldigital.com.br\/index.php?rest_route=\/wp\/v2\/posts\/187173","targetHints":{"allow":["GET"]}}],"collection":[{"href":"https:\/\/diarioregionaldigital.com.br\/index.php?rest_route=\/wp\/v2\/posts"}],"about":[{"href":"https:\/\/diarioregionaldigital.com.br\/index.php?rest_route=\/wp\/v2\/types\/post"}],"author":[{"embeddable":true,"href":"https:\/\/diarioregionaldigital.com.br\/index.php?rest_route=\/wp\/v2\/users\/246"}],"replies":[{"embeddable":true,"href":"https:\/\/diarioregionaldigital.com.br\/index.php?rest_route=%2Fwp%2Fv2%2Fcomments&post=187173"}],"version-history":[{"count":1,"href":"https:\/\/diarioregionaldigital.com.br\/index.php?rest_route=\/wp\/v2\/posts\/187173\/revisions"}],"predecessor-version":[{"id":187175,"href":"https:\/\/diarioregionaldigital.com.br\/index.php?rest_route=\/wp\/v2\/posts\/187173\/revisions\/187175"}],"wp:featuredmedia":[{"embeddable":true,"href":"https:\/\/diarioregionaldigital.com.br\/index.php?rest_route=\/wp\/v2\/media\/187174"}],"wp:attachment":[{"href":"https:\/\/diarioregionaldigital.com.br\/index.php?rest_route=%2Fwp%2Fv2%2Fmedia&parent=187173"}],"wp:term":[{"taxonomy":"category","embeddable":true,"href":"https:\/\/diarioregionaldigital.com.br\/index.php?rest_route=%2Fwp%2Fv2%2Fcategories&post=187173"},{"taxonomy":"post_tag","embeddable":true,"href":"https:\/\/diarioregionaldigital.com.br\/index.php?rest_route=%2Fwp%2Fv2%2Ftags&post=187173"}],"curies":[{"name":"wp","href":"https:\/\/api.w.org\/{rel}","templated":true}]}}