{"id":187170,"date":"2021-08-19T18:39:18","date_gmt":"2021-08-19T21:39:18","guid":{"rendered":"https:\/\/diarioregionaldigital.com.br\/?p=187170"},"modified":"2021-08-19T18:39:18","modified_gmt":"2021-08-19T21:39:18","slug":"nos-bastidores-yohansson-nascimento-vive-4a-paralimpiada-da-carreira","status":"publish","type":"post","link":"https:\/\/diarioregionaldigital.com.br\/?p=187170","title":{"rendered":"Nos bastidores, Yohansson Nascimento vive 4\u00aa Paralimp\u00edada da carreira"},"content":{"rendered":"<p>Pequim (China), em 2008. Londres (Gr\u00e3-Bretanha), em 2012. Rio\u00a0de Janeiro, em 2016. Em T\u00f3quio (Jap\u00e3o), Yohansson Nascimento vivenciar\u00e1 a Paralimp\u00edada pela\u00a0quarta\u00a0vez, mas de forma diferente. Ao contr\u00e1rio das \u00faltimas tr\u00eas edi\u00e7\u00f5es, o alagoano de 33 anos n\u00e3o estar\u00e1 na pista de atletismo brigando por medalhas, mas nos bastidores, como vice-presidente do Comit\u00ea Paral\u00edmpico Brasileiro (CPB), posto que assumiu em dezembro do ano passado.<img decoding=\"async\" src=\"https:\/\/agenciabrasil.ebc.com.br\/ebc.png?id=1419019&amp;o=node\" \/><img decoding=\"async\" src=\"https:\/\/agenciabrasil.ebc.com.br\/ebc.gif?id=1419019&amp;o=node\" \/><\/p>\n<p>&#8220;Estive acompanhando a Olimp\u00edada, vendo a pista de atletismo. H\u00e1 alguns anos, eu pensaria que, dali a pouco, estaria naquela mesma pista, competindo. At\u00e9 fa\u00e7o uma brincadeira com meus [antigos] companheiros de treino, dizendo que se algu\u00e9m se machucar, levaria minha sapatilha, caso precise de uma substitui\u00e7\u00e3o [risos]. D\u00e1 um aperto no cora\u00e7\u00e3o saber que n\u00e3o vou mais competir, mas me alegra saber que a decis\u00e3o de me afastar da pista foi para contribuir com o esporte paral\u00edmpico&#8221;, disse o ex-atleta paral\u00edmpico, \u00e0\u00a0<strong>Ag\u00eancia Brasil<\/strong>.<\/p>\n<p>Durante a aclimata\u00e7\u00e3o em Hamamatsu (cidade a 250 quil\u00f4metros de T\u00f3quio), que antecedeu a viagem a capital japonesa, Yohansson acompanhou os treinamentos das sele\u00e7\u00f5es de v\u00f4lei sentado, nata\u00e7\u00e3o, bocha, goalball, jud\u00f4 e atletismo. A meta do CPB \u00e9 que o Brasil conclua os Jogos entre os dez primeiros colocados do quadro de medalhas, repetindo o feito das \u00faltimas tr\u00eas edi\u00e7\u00f5es. Marca que o agora\u00a0dirigente\u00a0cr\u00ea ser poss\u00edvel, mesmo em meio aos impactos da pandemia do novo coronav\u00edrus (covid-19) na prepara\u00e7\u00e3o e no pr\u00f3prio evento, adiado em um ano e que ser\u00e1 realizado sem presen\u00e7a de p\u00fablico.<\/p>\n<p>&#8220;Voc\u00eas podem\u00a0ter\u00a0certeza de que a delega\u00e7\u00e3o, que \u00e9 a maior [paral\u00edmpica] j\u00e1 levada para fora do pa\u00eds [260 atletas], \u00e9 grande em quantidade e qualidade. Nas 20 modalidades em que\u00a0ter\u00e1 representante, o Brasil tem todas as condi\u00e7\u00f5es de fazer o melhor resultado, dar orgulho e trazer medalhas. O atleta sabe de todas as dificuldades, a quest\u00e3o da pandemia, mas ele, independente das condi\u00e7\u00f5es, chega para fazer o melhor e vai preparado mentalmente para isso. Quando o \u00e1rbitro\u00a0diz &#8216;atletas, em seus lugares&#8217;, o mundo para. Em Pequim, Londres e no Rio, tivemos um p\u00fablico sensacional, muitas vezes acima de 80 mil pessoas, mas, naquela hora, s\u00f3 pensamos na linha de chegada&#8221;,\u00a0disse o ex-velocista, dono de seis medalhas paral\u00edmpicas, sendo uma de ouro em Londres, nos 200 metros da classe T46 (amputa\u00e7\u00e3o nos membros superiores).<\/p>\n<p>Coincidentemente, Yohansson foi para o Jap\u00e3o no mesmo voo que tomaria caso ainda fosse atleta, j\u00e1 que embarcou com a sele\u00e7\u00e3o brasileira de atletismo. O alagoano certamente estaria no grupo, j\u00e1 que havia feito o \u00edndice para representar o pa\u00eds em T\u00f3quio nos 100 m ao conquistar o bronze no Mundial de Dubai (Emirados \u00c1rabes Unidos), em 2019.<\/p>\n<p>Aquele p\u00f3dio, inclusive, foi 100% brasileiro: Washington J\u00fanior levou a prata e Petr\u00facio Ferreira, atual campe\u00e3o paral\u00edmpico e recordista mundial da prova, arrebatou o ouro. Para Yohansson, o sucesso da dupla simboliza a renova\u00e7\u00e3o da delega\u00e7\u00e3o paral\u00edmpica do pa\u00eds. Pelos n\u00fameros do departamento de Ci\u00eancias do Esporte do CPB, cerca de 37% do grupo no Jap\u00e3o disputar\u00e1 o evento pela primeira vez. A nata\u00e7\u00e3o \u00e9 a modalidade com mais caras novas, com os novatos tamb\u00e9m representando em torno de 37% da equipe.<\/p>\n<p>&#8220;A minha categoria [quando atleta], por exemplo, conquista medalhas desde a Paralimp\u00edada de Sydney [Austr\u00e1lia], em 2000. Come\u00e7a com o Ant\u00f4nio Delfino [bronze nos 400 m], que tamb\u00e9m foi medalhista em Atenas [Gr\u00e9cia, em 2004, com dois ouros, nos 200 e nos 400 m]. Depois fui eu, em Pequim e Londres. No Rio, fomos eu e o Petr\u00facio. Agora, Washington e Thomas [Ruan, prata nos 400 m no Mundial de Dubai]. No esporte paral\u00edmpico, temos v\u00e1rios atletas para continuar o que os veteranos t\u00eam feito&#8221;, concluiu.<\/p>\n<p><span style=\"font-weight: 400;\">Fonte: Ag\u00eancia Brasil <\/span><\/p>\n","protected":false},"excerpt":{"rendered":"<p>Pequim (China), em 2008. Londres (Gr\u00e3-Bretanha), em 2012. Rio\u00a0de Janeiro, em 2016. Em T\u00f3quio (Jap\u00e3o), Yohansson Nascimento vivenciar\u00e1 a Paralimp\u00edada pela\u00a0quarta\u00a0vez, mas de forma diferente. Ao contr\u00e1rio das \u00faltimas tr\u00eas edi\u00e7\u00f5es, o alagoano de 33 anos n\u00e3o estar\u00e1 na pista de atletismo brigando por medalhas, mas nos bastidores, como vice-presidente do Comit\u00ea Paral\u00edmpico Brasileiro (CPB), [&hellip;]<\/p>\n","protected":false},"author":246,"featured_media":187171,"comment_status":"closed","ping_status":"closed","sticky":false,"template":"","format":"standard","meta":{"footnotes":""},"categories":[436,257,439],"tags":[],"class_list":["post-187170","post","type-post","status-publish","format-standard","has-post-thumbnail","hentry","category-destaque-da-semana","category-esporte","category-ultima-hora"],"_links":{"self":[{"href":"https:\/\/diarioregionaldigital.com.br\/index.php?rest_route=\/wp\/v2\/posts\/187170","targetHints":{"allow":["GET"]}}],"collection":[{"href":"https:\/\/diarioregionaldigital.com.br\/index.php?rest_route=\/wp\/v2\/posts"}],"about":[{"href":"https:\/\/diarioregionaldigital.com.br\/index.php?rest_route=\/wp\/v2\/types\/post"}],"author":[{"embeddable":true,"href":"https:\/\/diarioregionaldigital.com.br\/index.php?rest_route=\/wp\/v2\/users\/246"}],"replies":[{"embeddable":true,"href":"https:\/\/diarioregionaldigital.com.br\/index.php?rest_route=%2Fwp%2Fv2%2Fcomments&post=187170"}],"version-history":[{"count":1,"href":"https:\/\/diarioregionaldigital.com.br\/index.php?rest_route=\/wp\/v2\/posts\/187170\/revisions"}],"predecessor-version":[{"id":187172,"href":"https:\/\/diarioregionaldigital.com.br\/index.php?rest_route=\/wp\/v2\/posts\/187170\/revisions\/187172"}],"wp:featuredmedia":[{"embeddable":true,"href":"https:\/\/diarioregionaldigital.com.br\/index.php?rest_route=\/wp\/v2\/media\/187171"}],"wp:attachment":[{"href":"https:\/\/diarioregionaldigital.com.br\/index.php?rest_route=%2Fwp%2Fv2%2Fmedia&parent=187170"}],"wp:term":[{"taxonomy":"category","embeddable":true,"href":"https:\/\/diarioregionaldigital.com.br\/index.php?rest_route=%2Fwp%2Fv2%2Fcategories&post=187170"},{"taxonomy":"post_tag","embeddable":true,"href":"https:\/\/diarioregionaldigital.com.br\/index.php?rest_route=%2Fwp%2Fv2%2Ftags&post=187170"}],"curies":[{"name":"wp","href":"https:\/\/api.w.org\/{rel}","templated":true}]}}