{"id":187167,"date":"2021-08-19T18:37:18","date_gmt":"2021-08-19T21:37:18","guid":{"rendered":"https:\/\/diarioregionaldigital.com.br\/?p=187167"},"modified":"2021-08-19T18:37:18","modified_gmt":"2021-08-19T21:37:18","slug":"atletico-mg-apresenta-oficialmente-diego-costa-que-vestira-camisa-19","status":"publish","type":"post","link":"https:\/\/diarioregionaldigital.com.br\/?p=187167","title":{"rendered":"Atl\u00e9tico-MG apresenta oficialmente Diego Costa, que vestir\u00e1 camisa 19"},"content":{"rendered":"<p>O Atl\u00e9tico Mineiro apresentou oficialmente hoje (19) o jogador Diego Costa, refor\u00e7o de peso no ataque do Galo, classificado na noite desta quarta (18) \u00e0s semifinais da Copa Libertadores da Am\u00e9rica. O jogador, de 32 anos, j\u00e1 pode estrear pelo time mineiro, pois foi inscrito hoje mesmo no Boletim Informativo Di\u00e1rio (BID), da CBF. O v\u00ednculo empregat\u00edcio do atacante com o Galo vigora at\u00e9 dezembro do ano que vem.<\/p>\n<p>\u201cEstou feliz. Ansioso.Tudo novo para mim. Carreira toda na Europa. Nunca pude jogar no Brasil, o Brasileiro. Ansiedade de estrear, ver como vai ser tudo, adapta\u00e7\u00e3o, n\u00e3o s\u00f3 de mim, mas da minha fam\u00edlia, que \u00e9 o mais importante\u201d, disse o atacante, durante coletiva na manh\u00e3 de hoje (19), que decidiu pela camisa 19 no Galo, mesmo n\u00famero dele do uniforme no clube espanhol<\/p>\n<p>Ex-Atl\u00e9tico de Madrid (Espanha), Diego Costa chega ao Galo em grande momento vivido pelo time, comandado pelo t\u00e9cnico Cuca. Al\u00e9m de liderar a S\u00e9rie A do Campeonato Brasileiro &#8211; t\u00edtulo que n\u00e3o conquista h\u00e1 cinco d\u00e9cadas &#8211; e seguir firme na Libertadores, o time mineiro tamb\u00e9m est\u00e1 assegurado nas quartas de final da Copa do Brasil, cujo primeiro jogo ser\u00e1 na pr\u00f3xima quarta (26) contra o Fluminense, no Rio de Janeiro.<\/p>\n<p>\u201cEu, como brasileiro, tenho esse sonho pessoal, que \u00e9 conquistar o t\u00edtulo. Vim com esse objetivo. Libertadores \u00e9 sonho, Copa do Brasil (tamb\u00e9m). O objetivo \u00e9 sempre ganhar e disputar t\u00edtulos. Torcedor tem que exigir, \u00e9 normal. N\u00e3o vai faltar vontade, n\u00e3o s\u00f3 para o Brasileiro, mas Libertadores e Copa do Brasil. O foco \u00e9 isso.\u201d, afirmou o atacante.<\/p>\n<p>Sem jogar desde dezembro, quando rescindiu contrato com o Atl\u00e9tico de Madrid, Diego Costa diz que se sente tranquilo para aguardar o melhor momento de estrear pelo Galo.<\/p>\n<p>\u201cFoi uma op\u00e7\u00e3o minha, neste momento pessoal, [ficar] sem jogar. Ent\u00e3o, fisicamente n\u00e3o estou mal, estou bem. Passei em todos os testes poss\u00edveis. Se surpreenderam de forma positiva. Eles v\u00e3o saber a melhor maneira de estrear. L\u00f3gico que as condi\u00e7\u00f5es f\u00edsicas, de contato com a bola, n\u00e3o s\u00e3o as melhores poss\u00edveis. Mas se pudesse, j\u00e1 tinha estreado ontem. S\u00e3o quest\u00f5es de detalhes, ajustes, para poder estrear o quanto antes\u201d, disse o jogador.<\/p>\n<p><span style=\"font-weight: 400;\">Fonte: Ag\u00eancia Brasil <\/span><\/p>\n","protected":false},"excerpt":{"rendered":"<p>O Atl\u00e9tico Mineiro apresentou oficialmente hoje (19) o jogador Diego Costa, refor\u00e7o de peso no ataque do Galo, classificado na noite desta quarta (18) \u00e0s semifinais da Copa Libertadores da Am\u00e9rica. O jogador, de 32 anos, j\u00e1 pode estrear pelo time mineiro, pois foi inscrito hoje mesmo no Boletim Informativo Di\u00e1rio (BID), da CBF. O [&hellip;]<\/p>\n","protected":false},"author":246,"featured_media":187168,"comment_status":"closed","ping_status":"closed","sticky":false,"template":"","format":"standard","meta":{"footnotes":""},"categories":[436,257,439],"tags":[],"class_list":["post-187167","post","type-post","status-publish","format-standard","has-post-thumbnail","hentry","category-destaque-da-semana","category-esporte","category-ultima-hora"],"_links":{"self":[{"href":"https:\/\/diarioregionaldigital.com.br\/index.php?rest_route=\/wp\/v2\/posts\/187167","targetHints":{"allow":["GET"]}}],"collection":[{"href":"https:\/\/diarioregionaldigital.com.br\/index.php?rest_route=\/wp\/v2\/posts"}],"about":[{"href":"https:\/\/diarioregionaldigital.com.br\/index.php?rest_route=\/wp\/v2\/types\/post"}],"author":[{"embeddable":true,"href":"https:\/\/diarioregionaldigital.com.br\/index.php?rest_route=\/wp\/v2\/users\/246"}],"replies":[{"embeddable":true,"href":"https:\/\/diarioregionaldigital.com.br\/index.php?rest_route=%2Fwp%2Fv2%2Fcomments&post=187167"}],"version-history":[{"count":1,"href":"https:\/\/diarioregionaldigital.com.br\/index.php?rest_route=\/wp\/v2\/posts\/187167\/revisions"}],"predecessor-version":[{"id":187169,"href":"https:\/\/diarioregionaldigital.com.br\/index.php?rest_route=\/wp\/v2\/posts\/187167\/revisions\/187169"}],"wp:featuredmedia":[{"embeddable":true,"href":"https:\/\/diarioregionaldigital.com.br\/index.php?rest_route=\/wp\/v2\/media\/187168"}],"wp:attachment":[{"href":"https:\/\/diarioregionaldigital.com.br\/index.php?rest_route=%2Fwp%2Fv2%2Fmedia&parent=187167"}],"wp:term":[{"taxonomy":"category","embeddable":true,"href":"https:\/\/diarioregionaldigital.com.br\/index.php?rest_route=%2Fwp%2Fv2%2Fcategories&post=187167"},{"taxonomy":"post_tag","embeddable":true,"href":"https:\/\/diarioregionaldigital.com.br\/index.php?rest_route=%2Fwp%2Fv2%2Ftags&post=187167"}],"curies":[{"name":"wp","href":"https:\/\/api.w.org\/{rel}","templated":true}]}}