{"id":187164,"date":"2021-08-19T18:35:25","date_gmt":"2021-08-19T21:35:25","guid":{"rendered":"https:\/\/diarioregionaldigital.com.br\/?p=187164"},"modified":"2021-08-19T18:35:25","modified_gmt":"2021-08-19T21:35:25","slug":"integrante-afega-do-coi-pede-ajuda-dos-eua-para-retirar-competidoras","status":"publish","type":"post","link":"https:\/\/diarioregionaldigital.com.br\/?p=187164","title":{"rendered":"Integrante afeg\u00e3 do COI pede ajuda dos EUA para retirar competidoras"},"content":{"rendered":"<p>Samira Asghari, integrante afeg\u00e3 do Comit\u00ea Ol\u00edmpico Internacional (COI), pediu aos Estados Unidos que ajudem a retirar duas atletas e a equipe t\u00e9cnica de seu pa\u00eds &#8220;antes que seja tarde demais&#8221; depois que o Talib\u00e3 assumiu o controle da na\u00e7\u00e3o.<\/p>\n<p>Durante seu governo de 1996 a 2001 guiado pela lei isl\u00e2mica, o Talib\u00e3 proibiu as mulheres de trabalharem, e elas s\u00f3 podiam sair usando burcas e acompanhadas por um parente masculino. As meninas n\u00e3o podiam ir \u00e0 escola.<\/p>\n<p>O Talib\u00e3 diz que respeitar\u00e1 os direitos das mulheres nos moldes da lei isl\u00e2mica, mas a ex-capit\u00e3 de basquete Asghari disse que teme pela seguran\u00e7a das mulheres atletas.<\/p>\n<p>&#8220;Atletas femininas cidad\u00e3s do Afeganist\u00e3o, t\u00e9cnicos e suas equipes precisam de sua ajuda, precisamos tir\u00e1-los das m\u00e3os do Talib\u00e3&#8230; por favor, fa\u00e7am algo antes que seja tarde demais&#8221;, tuitou Asghari, de 27 anos, nesta quarta-feira (18), dirigindo-se \u00e0 federa\u00e7\u00e3o de basquete dos EUA, aos comit\u00eas Ol\u00edmpico e Paral\u00edmpico norte-americanos e ao embaixador dos EUA no Afeganist\u00e3o.<\/p>\n<p>Asghari, que j\u00e1 desempenhou v\u00e1rios papeis na administra\u00e7\u00e3o do esporte afeg\u00e3o e se tornou a primeira integrante de seu pa\u00eds no COI em 2018, n\u00e3o estava dispon\u00edvel de imediato para dar detalhes.<\/p>\n<p>Khalida Popal, ex-capit\u00e3 do time de futebol feminino afeg\u00e3o radicada em Copenhague, pediu \u00e0s jogadoras que apaguem suas contas de redes sociais, removam identidades p\u00fablicas e queimem os uniformes para sua pr\u00f3pria seguran\u00e7a agora que o pa\u00eds voltou a ser comandado pelo Talib\u00e3.<\/p>\n<p>Na segunda-feira (16), o Comit\u00ea Paral\u00edmpico Afeg\u00e3o disse que dois atletas n\u00e3o poder\u00e3o participar da Paralimp\u00edada de T\u00f3quio, que come\u00e7a em 24 de agosto.<\/p>\n<p><span style=\"font-weight: 400;\">Fonte: Ag\u00eancia Brasil <\/span><\/p>\n","protected":false},"excerpt":{"rendered":"<p>Samira Asghari, integrante afeg\u00e3 do Comit\u00ea Ol\u00edmpico Internacional (COI), pediu aos Estados Unidos que ajudem a retirar duas atletas e a equipe t\u00e9cnica de seu pa\u00eds &#8220;antes que seja tarde demais&#8221; depois que o Talib\u00e3 assumiu o controle da na\u00e7\u00e3o. Durante seu governo de 1996 a 2001 guiado pela lei isl\u00e2mica, o Talib\u00e3 proibiu as [&hellip;]<\/p>\n","protected":false},"author":246,"featured_media":187165,"comment_status":"closed","ping_status":"closed","sticky":false,"template":"","format":"standard","meta":{"footnotes":""},"categories":[440,257],"tags":[],"class_list":["post-187164","post","type-post","status-publish","format-standard","has-post-thumbnail","hentry","category-destaques-do-dia","category-esporte"],"_links":{"self":[{"href":"https:\/\/diarioregionaldigital.com.br\/index.php?rest_route=\/wp\/v2\/posts\/187164","targetHints":{"allow":["GET"]}}],"collection":[{"href":"https:\/\/diarioregionaldigital.com.br\/index.php?rest_route=\/wp\/v2\/posts"}],"about":[{"href":"https:\/\/diarioregionaldigital.com.br\/index.php?rest_route=\/wp\/v2\/types\/post"}],"author":[{"embeddable":true,"href":"https:\/\/diarioregionaldigital.com.br\/index.php?rest_route=\/wp\/v2\/users\/246"}],"replies":[{"embeddable":true,"href":"https:\/\/diarioregionaldigital.com.br\/index.php?rest_route=%2Fwp%2Fv2%2Fcomments&post=187164"}],"version-history":[{"count":1,"href":"https:\/\/diarioregionaldigital.com.br\/index.php?rest_route=\/wp\/v2\/posts\/187164\/revisions"}],"predecessor-version":[{"id":187166,"href":"https:\/\/diarioregionaldigital.com.br\/index.php?rest_route=\/wp\/v2\/posts\/187164\/revisions\/187166"}],"wp:featuredmedia":[{"embeddable":true,"href":"https:\/\/diarioregionaldigital.com.br\/index.php?rest_route=\/wp\/v2\/media\/187165"}],"wp:attachment":[{"href":"https:\/\/diarioregionaldigital.com.br\/index.php?rest_route=%2Fwp%2Fv2%2Fmedia&parent=187164"}],"wp:term":[{"taxonomy":"category","embeddable":true,"href":"https:\/\/diarioregionaldigital.com.br\/index.php?rest_route=%2Fwp%2Fv2%2Fcategories&post=187164"},{"taxonomy":"post_tag","embeddable":true,"href":"https:\/\/diarioregionaldigital.com.br\/index.php?rest_route=%2Fwp%2Fv2%2Ftags&post=187164"}],"curies":[{"name":"wp","href":"https:\/\/api.w.org\/{rel}","templated":true}]}}