{"id":187161,"date":"2021-08-19T18:30:52","date_gmt":"2021-08-19T21:30:52","guid":{"rendered":"https:\/\/diarioregionaldigital.com.br\/?p=187161"},"modified":"2021-08-19T18:30:52","modified_gmt":"2021-08-19T21:30:52","slug":"camara-aprova-pl-que-altera-tarifas-para-minigeradores-de-energia","status":"publish","type":"post","link":"https:\/\/diarioregionaldigital.com.br\/?p=187161","title":{"rendered":"C\u00e2mara aprova PL que altera tarifas para minigeradores de energia"},"content":{"rendered":"<p>A C\u00e2mara aprovou nesta quarta-feira (18) um projeto de lei que cria um sistema de transi\u00e7\u00e3o para a cobran\u00e7a de encargos e tarifas de uso dos sistemas de distribui\u00e7\u00e3o de micro e minigeradores de energia el\u00e9tricas. Texto segue para an\u00e1lise do Senado.<img decoding=\"async\" src=\"https:\/\/agenciabrasil.ebc.com.br\/ebc.png?id=1418930&amp;o=node\" \/><img decoding=\"async\" src=\"https:\/\/agenciabrasil.ebc.com.br\/ebc.gif?id=1418930&amp;o=node\" \/><\/p>\n<p>Os deputados analisaram o substitutivo do deputado Lafayette de Andrada (Republicanos-MG). Pelo texto aprovado, os micro e minigeradores de energia que j\u00e1 existem pagar\u00e3o, at\u00e9 2045, os componentes da tarifa somente sobre a diferen\u00e7a, se positiva, entre a energia consumida e a gerada de forma alternativa e injetada na rede de distribui\u00e7\u00e3o.<\/p>\n<p>A regra tamb\u00e9m vale para consumidores que pedirem acesso \u00e0 distribuidora, por meio do Sistema de Compensa\u00e7\u00e3o de Energia El\u00e9trica (SCEE), em at\u00e9 12 meses da publica\u00e7\u00e3o da futura lei.<\/p>\n<p><span style=\"font-weight: 400;\">Fonte: Ag\u00eancia Brasil \/ Ag\u00eancia C\u00e2mara<\/span><\/p>\n","protected":false},"excerpt":{"rendered":"<p>A C\u00e2mara aprovou nesta quarta-feira (18) um projeto de lei que cria um sistema de transi\u00e7\u00e3o para a cobran\u00e7a de encargos e tarifas de uso dos sistemas de distribui\u00e7\u00e3o de micro e minigeradores de energia el\u00e9tricas. Texto segue para an\u00e1lise do Senado. Os deputados analisaram o substitutivo do deputado Lafayette de Andrada (Republicanos-MG). Pelo texto [&hellip;]<\/p>\n","protected":false},"author":246,"featured_media":187162,"comment_status":"closed","ping_status":"closed","sticky":false,"template":"","format":"standard","meta":{"footnotes":""},"categories":[436,254,439],"tags":[],"class_list":["post-187161","post","type-post","status-publish","format-standard","has-post-thumbnail","hentry","category-destaque-da-semana","category-politica","category-ultima-hora"],"_links":{"self":[{"href":"https:\/\/diarioregionaldigital.com.br\/index.php?rest_route=\/wp\/v2\/posts\/187161","targetHints":{"allow":["GET"]}}],"collection":[{"href":"https:\/\/diarioregionaldigital.com.br\/index.php?rest_route=\/wp\/v2\/posts"}],"about":[{"href":"https:\/\/diarioregionaldigital.com.br\/index.php?rest_route=\/wp\/v2\/types\/post"}],"author":[{"embeddable":true,"href":"https:\/\/diarioregionaldigital.com.br\/index.php?rest_route=\/wp\/v2\/users\/246"}],"replies":[{"embeddable":true,"href":"https:\/\/diarioregionaldigital.com.br\/index.php?rest_route=%2Fwp%2Fv2%2Fcomments&post=187161"}],"version-history":[{"count":1,"href":"https:\/\/diarioregionaldigital.com.br\/index.php?rest_route=\/wp\/v2\/posts\/187161\/revisions"}],"predecessor-version":[{"id":187163,"href":"https:\/\/diarioregionaldigital.com.br\/index.php?rest_route=\/wp\/v2\/posts\/187161\/revisions\/187163"}],"wp:featuredmedia":[{"embeddable":true,"href":"https:\/\/diarioregionaldigital.com.br\/index.php?rest_route=\/wp\/v2\/media\/187162"}],"wp:attachment":[{"href":"https:\/\/diarioregionaldigital.com.br\/index.php?rest_route=%2Fwp%2Fv2%2Fmedia&parent=187161"}],"wp:term":[{"taxonomy":"category","embeddable":true,"href":"https:\/\/diarioregionaldigital.com.br\/index.php?rest_route=%2Fwp%2Fv2%2Fcategories&post=187161"},{"taxonomy":"post_tag","embeddable":true,"href":"https:\/\/diarioregionaldigital.com.br\/index.php?rest_route=%2Fwp%2Fv2%2Ftags&post=187161"}],"curies":[{"name":"wp","href":"https:\/\/api.w.org\/{rel}","templated":true}]}}