{"id":187158,"date":"2021-08-19T18:29:00","date_gmt":"2021-08-19T21:29:00","guid":{"rendered":"https:\/\/diarioregionaldigital.com.br\/?p=187158"},"modified":"2021-08-19T18:29:00","modified_gmt":"2021-08-19T21:29:00","slug":"senado-aprova-proibicao-de-armas-para-agressores-de-mulheres","status":"publish","type":"post","link":"https:\/\/diarioregionaldigital.com.br\/?p=187158","title":{"rendered":"Senado aprova proibi\u00e7\u00e3o de armas para agressores de mulheres"},"content":{"rendered":"<p>O Senado aprovou nesta quarta-feira (18) o Projeto de Lei 1.419\/2019, que pro\u00edbe a aquisi\u00e7\u00e3o de arma de fogo por quem praticar viol\u00eancia contra mulheres, idosos ou crian\u00e7as. O texto, que altera o Estatuto do Desarmamento, tamb\u00e9m determina a perda do registro de armas j\u00e1 existentes em nome do agressor e prev\u00ea a apreens\u00e3o imediata de armas de fogo que estejam de posse do agressor, mesmo que elas n\u00e3o tenham sido utilizadas na agress\u00e3o.<img decoding=\"async\" src=\"https:\/\/agenciabrasil.ebc.com.br\/ebc.png?id=1418935&amp;o=node\" \/><img decoding=\"async\" src=\"https:\/\/agenciabrasil.ebc.com.br\/ebc.gif?id=1418935&amp;o=node\" \/><\/p>\n<p>Os senadores aprovaram um texto alternativo (um substitutivo) proposto pela senadora Leila Barros (Cidadania-DF) ao projeto da senadora Rose de Freitas (MDB-ES). O projeto foi aprovado por unanimidade e segue agora para an\u00e1lise da C\u00e2mara dos Deputados.<\/p>\n<p>Atualmente, a Lei Maria da Penha (Lei 11.340\/2006) prev\u00ea a suspens\u00e3o da posse ou porte de arma de fogo, mas apenas como medida protetiva de urg\u00eancia e \u00e9 restringida a atos de viol\u00eancia que ocorram no \u00e2mbito familiar. Com o projeto, a medida poder\u00e1 ser aplicada independentemente de onde ocorra a viol\u00eancia.<\/p>\n<p>Para a senadora Rose de Freitas, a prote\u00e7\u00e3o da v\u00edtima deve sempre estar um passo \u00e0 frente do agressor. \u201cO pre\u00e7o da nossa liberdade \u00e9 a eterna vigil\u00e2ncia. Temos que construir, temos que debater, temos que emendar. Quero dizer que o Brasil ainda vai melhorar. Vai melhorar quando a educa\u00e7\u00e3o dada nas escolas falar sobre direitos humanos e cidadania e mostrar o respeito que se tem que ter com seu pr\u00f3ximo, e muito mais se esse pr\u00f3ximo for uma mulher\u201d, disse a senadora.<\/p>\n<p>Segundo um relat\u00f3rio do Instituto Sou da Paz, as armas de fogo foram os principais meios utilizados nos assassinatos de mulheres entre 2000 e 2019, sendo utilizadas em 51% dessas mortes.<\/p>\n<p><span style=\"font-weight: 400;\"><br \/>\n<\/span><span style=\"font-weight: 400;\">Fonte: Ag\u00eancia Brasil <\/span><\/p>\n","protected":false},"excerpt":{"rendered":"<p>O Senado aprovou nesta quarta-feira (18) o Projeto de Lei 1.419\/2019, que pro\u00edbe a aquisi\u00e7\u00e3o de arma de fogo por quem praticar viol\u00eancia contra mulheres, idosos ou crian\u00e7as. O texto, que altera o Estatuto do Desarmamento, tamb\u00e9m determina a perda do registro de armas j\u00e1 existentes em nome do agressor e prev\u00ea a apreens\u00e3o imediata [&hellip;]<\/p>\n","protected":false},"author":246,"featured_media":187159,"comment_status":"closed","ping_status":"closed","sticky":false,"template":"","format":"standard","meta":{"footnotes":""},"categories":[436,254,439],"tags":[],"class_list":["post-187158","post","type-post","status-publish","format-standard","has-post-thumbnail","hentry","category-destaque-da-semana","category-politica","category-ultima-hora"],"_links":{"self":[{"href":"https:\/\/diarioregionaldigital.com.br\/index.php?rest_route=\/wp\/v2\/posts\/187158","targetHints":{"allow":["GET"]}}],"collection":[{"href":"https:\/\/diarioregionaldigital.com.br\/index.php?rest_route=\/wp\/v2\/posts"}],"about":[{"href":"https:\/\/diarioregionaldigital.com.br\/index.php?rest_route=\/wp\/v2\/types\/post"}],"author":[{"embeddable":true,"href":"https:\/\/diarioregionaldigital.com.br\/index.php?rest_route=\/wp\/v2\/users\/246"}],"replies":[{"embeddable":true,"href":"https:\/\/diarioregionaldigital.com.br\/index.php?rest_route=%2Fwp%2Fv2%2Fcomments&post=187158"}],"version-history":[{"count":1,"href":"https:\/\/diarioregionaldigital.com.br\/index.php?rest_route=\/wp\/v2\/posts\/187158\/revisions"}],"predecessor-version":[{"id":187160,"href":"https:\/\/diarioregionaldigital.com.br\/index.php?rest_route=\/wp\/v2\/posts\/187158\/revisions\/187160"}],"wp:featuredmedia":[{"embeddable":true,"href":"https:\/\/diarioregionaldigital.com.br\/index.php?rest_route=\/wp\/v2\/media\/187159"}],"wp:attachment":[{"href":"https:\/\/diarioregionaldigital.com.br\/index.php?rest_route=%2Fwp%2Fv2%2Fmedia&parent=187158"}],"wp:term":[{"taxonomy":"category","embeddable":true,"href":"https:\/\/diarioregionaldigital.com.br\/index.php?rest_route=%2Fwp%2Fv2%2Fcategories&post=187158"},{"taxonomy":"post_tag","embeddable":true,"href":"https:\/\/diarioregionaldigital.com.br\/index.php?rest_route=%2Fwp%2Fv2%2Ftags&post=187158"}],"curies":[{"name":"wp","href":"https:\/\/api.w.org\/{rel}","templated":true}]}}