{"id":187155,"date":"2021-08-19T18:25:43","date_gmt":"2021-08-19T21:25:43","guid":{"rendered":"https:\/\/diarioregionaldigital.com.br\/?p=187155"},"modified":"2021-08-19T18:25:43","modified_gmt":"2021-08-19T21:25:43","slug":"estado-apoia-municipios-na-captacao-de-recurso-federal-para-gestao-de-residuos","status":"publish","type":"post","link":"https:\/\/diarioregionaldigital.com.br\/?p=187155","title":{"rendered":"Estado apoia munic\u00edpios na capta\u00e7\u00e3o de recurso federal para gest\u00e3o de res\u00edduos"},"content":{"rendered":"<p>A\u00a0<a href=\"http:\/\/www.meioambiente.mg.gov.br\/\" target=\"_blank\" rel=\"noopener noreferrer\">Secretaria de Estado de Meio Ambiente e Desenvolvimento Sustent\u00e1vel (Semad)<\/a>\u00a0vai oferecer apoio t\u00e9cnico \u00e0s cidades mineiras interessadas em solicitar o repasse de recursos or\u00e7ament\u00e1rios e financeiros aos munic\u00edpios do Programa de Res\u00edduos S\u00f3lidos Urbanos, mantido pela Funda\u00e7\u00e3o Nacional de Sa\u00fade (Funasa).<\/p>\n<p>De acordo com a superintendente de Saneamento B\u00e1sico da Semad, L\u00edlia de Castro, o apoio est\u00e1 relacionado aos termos de coopera\u00e7\u00e3o t\u00e9cnica (TCTs) firmados entre a secretaria e cons\u00f3rcios intermunicipais do estado. Atualmente, a Semad mant\u00e9m, dez TCTs formalmente estabelecidos com cons\u00f3rcios intermunicipais que, juntos, somam 239 cidades mineiras.<\/p>\n<p>\u201cPromovemos reuni\u00f5es peri\u00f3dicas com os cons\u00f3rcios e as demandas apresentadas ser\u00e3o tratadas por nossa equipe t\u00e9cnica. No caso desse processo seletivo vamos tirar d\u00favidas sobre os termos previstos no edital e tamb\u00e9m forneceremos aux\u00edlio na apresenta\u00e7\u00e3o dos projetos, caso demandado\u201d, explica a superintendente.<\/p>\n<p><strong>Processo seletivo<\/strong><\/p>\n<p>A\u00a0<a href=\"https:\/\/www.in.gov.br\/en\/web\/dou\/-\/portaria-funasa-n-4.013-de-11-de-agosto-de-2021-338081286\" target=\"_blank\" rel=\"noopener noreferrer\">Portaria Funasa n\u00ba 4.013<\/a>, que estabelece o processo seletivo, foi publicada na \u00faltima sexta-feira (13\/8), no Di\u00e1rio Oficial da Uni\u00e3o. O documento prev\u00ea a destina\u00e7\u00e3o de recursos a munic\u00edpios com popula\u00e7\u00e3o inferior a 50 mil habitantes que n\u00e3o fa\u00e7am parte de regi\u00f5es metropolitanas ou Regi\u00e3o Integrada de Desenvolvimento (Ride).<\/p>\n<p>Os projetos cadastrados devem ter valor m\u00ednimo de R$ 250 mil para execu\u00e7\u00e3o de obras e servi\u00e7os de engenharia e de R$ 100 mil para despesas de custeio ou aquisi\u00e7\u00e3o de equipamentos. O valor m\u00e1ximo para cada projeto ser\u00e1 de R$ 500 mil.<\/p>\n<p>As inscri\u00e7\u00f5es podem ser feitas at\u00e9 27\/8 por meio da\u00a0<a href=\"https:\/\/antigo.plataformamaisbrasil.gov.br\/acesso-livre\" target=\"_blank\" rel=\"noopener noreferrer\">Plataforma +Brasil<\/a>\u00a0e cada munic\u00edpio deve apresentar proposta \u00fanica. Ap\u00f3s publica\u00e7\u00e3o da classifica\u00e7\u00e3o preliminar, de acordo com a disponibilidade or\u00e7ament\u00e1ria, os selecionados devem apresentar o plano de trabalho completo em 15 dias \u00fateis, atendidos os seguintes requisitos:<\/p>\n<p>I &#8211; apresente mecanismos de cobran\u00e7a que garantam a sustentabilidade econ\u00f4mico-financeira, nos termos do inciso II do art. 29 da Lei n\u00ba 11.445, de 5 de janeiro de 2007;<\/p>\n<p>II &#8211; apresente a Licen\u00e7a Ambiental de Opera\u00e7\u00e3o (LO), ou documento equivalente da unidade j\u00e1 existente para disposi\u00e7\u00e3o final adequada de res\u00edduos s\u00f3lidos;<\/p>\n<p>III &#8211; apresente o Plano Municipal de Gest\u00e3o Integrada de Res\u00edduos S\u00f3lidos &#8211; PMGIRS, ou o Plano Intermunicipal de Gest\u00e3o Integrada de Res\u00edduos S\u00f3lidos. Ser\u00e1 aceito o Plano Municipal de Saneamento B\u00e1sico &#8211; PMSB, respeitado o conte\u00fado m\u00ednimo previsto para o PMGIRS; e<\/p>\n<p>IV &#8211; atenda os crit\u00e9rios expostos no Manual de Orienta\u00e7\u00f5es T\u00e9cnicas para Elabora\u00e7\u00e3o de Propostas para o Programa Res\u00edduos S\u00f3lidos, vers\u00e3o 2014.<\/p>\n<p>Os planos de trabalho aprovados e aptos para repasse, al\u00e9m da lista de munic\u00edpios contemplados, ser\u00e3o publicados em portaria no Di\u00e1rio Oficial da Uni\u00e3o.<\/p>\n<p><a href=\"https:\/\/www.in.gov.br\/en\/web\/dou\/-\/portaria-funasa-n-4.013-de-11-de-agosto-de-2021-338081286\" target=\"_blank\" rel=\"noopener noreferrer\">Acesse a Portaria Funasa n\u00ba 4.013 na \u00edntegra<\/a><\/p>\n<p><span style=\"font-weight: 400;\">Fonte: Ag\u00eancia Minas <\/span><\/p>\n","protected":false},"excerpt":{"rendered":"<p>A\u00a0Secretaria de Estado de Meio Ambiente e Desenvolvimento Sustent\u00e1vel (Semad)\u00a0vai oferecer apoio t\u00e9cnico \u00e0s cidades mineiras interessadas em solicitar o repasse de recursos or\u00e7ament\u00e1rios e financeiros aos munic\u00edpios do Programa de Res\u00edduos S\u00f3lidos Urbanos, mantido pela Funda\u00e7\u00e3o Nacional de Sa\u00fade (Funasa). De acordo com a superintendente de Saneamento B\u00e1sico da Semad, L\u00edlia de Castro, o [&hellip;]<\/p>\n","protected":false},"author":246,"featured_media":187156,"comment_status":"closed","ping_status":"closed","sticky":false,"template":"","format":"standard","meta":{"footnotes":""},"categories":[436,254,439],"tags":[],"class_list":["post-187155","post","type-post","status-publish","format-standard","has-post-thumbnail","hentry","category-destaque-da-semana","category-politica","category-ultima-hora"],"_links":{"self":[{"href":"https:\/\/diarioregionaldigital.com.br\/index.php?rest_route=\/wp\/v2\/posts\/187155","targetHints":{"allow":["GET"]}}],"collection":[{"href":"https:\/\/diarioregionaldigital.com.br\/index.php?rest_route=\/wp\/v2\/posts"}],"about":[{"href":"https:\/\/diarioregionaldigital.com.br\/index.php?rest_route=\/wp\/v2\/types\/post"}],"author":[{"embeddable":true,"href":"https:\/\/diarioregionaldigital.com.br\/index.php?rest_route=\/wp\/v2\/users\/246"}],"replies":[{"embeddable":true,"href":"https:\/\/diarioregionaldigital.com.br\/index.php?rest_route=%2Fwp%2Fv2%2Fcomments&post=187155"}],"version-history":[{"count":1,"href":"https:\/\/diarioregionaldigital.com.br\/index.php?rest_route=\/wp\/v2\/posts\/187155\/revisions"}],"predecessor-version":[{"id":187157,"href":"https:\/\/diarioregionaldigital.com.br\/index.php?rest_route=\/wp\/v2\/posts\/187155\/revisions\/187157"}],"wp:featuredmedia":[{"embeddable":true,"href":"https:\/\/diarioregionaldigital.com.br\/index.php?rest_route=\/wp\/v2\/media\/187156"}],"wp:attachment":[{"href":"https:\/\/diarioregionaldigital.com.br\/index.php?rest_route=%2Fwp%2Fv2%2Fmedia&parent=187155"}],"wp:term":[{"taxonomy":"category","embeddable":true,"href":"https:\/\/diarioregionaldigital.com.br\/index.php?rest_route=%2Fwp%2Fv2%2Fcategories&post=187155"},{"taxonomy":"post_tag","embeddable":true,"href":"https:\/\/diarioregionaldigital.com.br\/index.php?rest_route=%2Fwp%2Fv2%2Ftags&post=187155"}],"curies":[{"name":"wp","href":"https:\/\/api.w.org\/{rel}","templated":true}]}}