{"id":187152,"date":"2021-08-19T18:10:21","date_gmt":"2021-08-19T21:10:21","guid":{"rendered":"https:\/\/diarioregionaldigital.com.br\/?p=187152"},"modified":"2021-08-19T18:10:21","modified_gmt":"2021-08-19T21:10:21","slug":"operacao-samauma-ja-aplicou-r-57-milhoes-em-multas-ambientais","status":"publish","type":"post","link":"https:\/\/diarioregionaldigital.com.br\/?p=187152","title":{"rendered":"Opera\u00e7\u00e3o Sama\u00fama j\u00e1 aplicou R$ 57 milh\u00f5es em multas ambientais"},"content":{"rendered":"<p>O vice-presidente Hamilton Mour\u00e3o apresentou hoje (18) o novo balan\u00e7o das a\u00e7\u00f5es da Opera\u00e7\u00e3o Sama\u00fama, em que militares das For\u00e7as Armadas atuam para conter a\u00e7\u00f5es de desmatamento e atividades predat\u00f3rias na Amaz\u00f4nia Legal.<img decoding=\"async\" src=\"https:\/\/agenciabrasil.ebc.com.br\/ebc.png?id=1418901&amp;o=node\" \/><img decoding=\"async\" src=\"https:\/\/agenciabrasil.ebc.com.br\/ebc.gif?id=1418901&amp;o=node\" \/><\/p>\n<p>Segundo Mour\u00e3o, cerca de 100 a\u00e7\u00f5es preventivas e repressivas contra delitos ambientais foram deflagradas no \u00e2mbito da opera\u00e7\u00e3o. O valor das multas aplicadas chegou a R$ 57 milh\u00f5es e o recolhimento de quase 6 mil metros c\u00fabicos (m\u00b3) de madeira extra\u00edda ilegalmente.<\/p>\n<p>O vice-presidente afirmou que cerca de 70% do desmatamento atual \u00e9 decorrente de atividades ilegais e que a falta de regulariza\u00e7\u00e3o fundi\u00e1ria \u00e9 um dos principais fatores que dificultam a vigil\u00e2ncia das matas. Para Mour\u00e3o, a implementa\u00e7\u00e3o da bioeconomia e a identifica\u00e7\u00e3o de cadeias de valor espec\u00edficas para cada regi\u00e3o contribuir\u00e3o para a meta de\u00a0<a href=\"https:\/\/agenciabrasil.ebc.com.br\/politica\/noticia\/2021-04\/em-carta-biden-bolsonaro-promete-fim-do-desmatamento-ilegal\" target=\"_blank\" rel=\"noopener\">acabar com o desmatamento ilegal at\u00e9 2030<\/a>.<\/p>\n<p>\u201cHoje o que eu posso dizer \u00e9 que o nosso maior problema com o desmatamento ilegal est\u00e1 ligado \u00e0s terras p\u00fablicas. Temos 500 mil km\u00b2 de terras que n\u00e3o s\u00e3o nem unidades de conserva\u00e7\u00e3o, nem terras ind\u00edgenas e nem est\u00e3o distribu\u00eddas para entes privados. Obviamente, elas s\u00e3o sujeitas a invas\u00e3o. A partir da\u00ed, o peso do Estado tem que se fazer sentir para evitar o aumento da ilegalidade\u201d, afirmou o vice-presidente durante a entrevista para divulga\u00e7\u00e3o do balan\u00e7o.<\/p>\n<p>A autoriza\u00e7\u00e3o para o emprego das For\u00e7as Armadas na Amaz\u00f4nia Legal foi dada pelo presidente Jair Bolsonaro no dia 28 de junho, por meio de<a href=\"https:\/\/agenciabrasil.ebc.com.br\/geral\/noticia\/2021-06\/decreto-renova-atuacao-das-forcas-armadas-na-amazonia\" target=\"_blank\" rel=\"noopener\">\u00a0um decreto de Garantia da Lei e da Ordem (GLO)<\/a>. O per\u00edodo abrangido pelo decreto vai de 28 junho a 31 de agosto.<\/p>\n<p><span style=\"font-weight: 400;\"><br \/>\n<\/span><span style=\"font-weight: 400;\">Fonte: Ag\u00eancia Brasil <\/span><\/p>\n","protected":false},"excerpt":{"rendered":"<p>O vice-presidente Hamilton Mour\u00e3o apresentou hoje (18) o novo balan\u00e7o das a\u00e7\u00f5es da Opera\u00e7\u00e3o Sama\u00fama, em que militares das For\u00e7as Armadas atuam para conter a\u00e7\u00f5es de desmatamento e atividades predat\u00f3rias na Amaz\u00f4nia Legal. Segundo Mour\u00e3o, cerca de 100 a\u00e7\u00f5es preventivas e repressivas contra delitos ambientais foram deflagradas no \u00e2mbito da opera\u00e7\u00e3o. O valor das multas [&hellip;]<\/p>\n","protected":false},"author":246,"featured_media":187153,"comment_status":"closed","ping_status":"closed","sticky":false,"template":"","format":"standard","meta":{"footnotes":""},"categories":[440,254,439],"tags":[],"class_list":["post-187152","post","type-post","status-publish","format-standard","has-post-thumbnail","hentry","category-destaques-do-dia","category-politica","category-ultima-hora"],"_links":{"self":[{"href":"https:\/\/diarioregionaldigital.com.br\/index.php?rest_route=\/wp\/v2\/posts\/187152","targetHints":{"allow":["GET"]}}],"collection":[{"href":"https:\/\/diarioregionaldigital.com.br\/index.php?rest_route=\/wp\/v2\/posts"}],"about":[{"href":"https:\/\/diarioregionaldigital.com.br\/index.php?rest_route=\/wp\/v2\/types\/post"}],"author":[{"embeddable":true,"href":"https:\/\/diarioregionaldigital.com.br\/index.php?rest_route=\/wp\/v2\/users\/246"}],"replies":[{"embeddable":true,"href":"https:\/\/diarioregionaldigital.com.br\/index.php?rest_route=%2Fwp%2Fv2%2Fcomments&post=187152"}],"version-history":[{"count":1,"href":"https:\/\/diarioregionaldigital.com.br\/index.php?rest_route=\/wp\/v2\/posts\/187152\/revisions"}],"predecessor-version":[{"id":187154,"href":"https:\/\/diarioregionaldigital.com.br\/index.php?rest_route=\/wp\/v2\/posts\/187152\/revisions\/187154"}],"wp:featuredmedia":[{"embeddable":true,"href":"https:\/\/diarioregionaldigital.com.br\/index.php?rest_route=\/wp\/v2\/media\/187153"}],"wp:attachment":[{"href":"https:\/\/diarioregionaldigital.com.br\/index.php?rest_route=%2Fwp%2Fv2%2Fmedia&parent=187152"}],"wp:term":[{"taxonomy":"category","embeddable":true,"href":"https:\/\/diarioregionaldigital.com.br\/index.php?rest_route=%2Fwp%2Fv2%2Fcategories&post=187152"},{"taxonomy":"post_tag","embeddable":true,"href":"https:\/\/diarioregionaldigital.com.br\/index.php?rest_route=%2Fwp%2Fv2%2Ftags&post=187152"}],"curies":[{"name":"wp","href":"https:\/\/api.w.org\/{rel}","templated":true}]}}