{"id":187143,"date":"2021-08-19T17:51:46","date_gmt":"2021-08-19T20:51:46","guid":{"rendered":"https:\/\/diarioregionaldigital.com.br\/?p=187143"},"modified":"2021-08-19T17:51:46","modified_gmt":"2021-08-19T20:51:46","slug":"guedes-fala-em-modernizar-mercosul-e-sugere-reduzir-tarifa-do-bloco","status":"publish","type":"post","link":"https:\/\/diarioregionaldigital.com.br\/?p=187143","title":{"rendered":"Guedes fala em modernizar Mercosul e sugere reduzir tarifa do bloco"},"content":{"rendered":"<p>O ministro da Economia, Paulo Guedes, disse hoje (19) que o Mercosul n\u00e3o tem, para o Brasil, a mesma import\u00e2ncia que teve em seu momento inicial, quando foi \u201cuma esp\u00e9cie de trampolim\u201d para o pa\u00eds avan\u00e7ar em termos de competitividade.\u00a0<img decoding=\"async\" src=\"https:\/\/agenciabrasil.ebc.com.br\/ebc.png?id=1418989&amp;o=node\" \/><img decoding=\"async\" src=\"https:\/\/agenciabrasil.ebc.com.br\/ebc.gif?id=1418989&amp;o=node\" \/><\/p>\n<p>Segundo ele, o bloco \u201cn\u00e3o est\u00e1 correspondendo \u00e0s expectativas\u201d, ainda que n\u00e3o tenha deixado de ser uma \u201cferramenta v\u00e1lida e importante\u201d. A solu\u00e7\u00e3o para isso, disse Guedes, passa pela moderniza\u00e7\u00e3o do bloco. As afirma\u00e7\u00f5es foram feitas durante audi\u00eancia p\u00fablica no Senado, destinada a debater a amplia\u00e7\u00e3o e a moderniza\u00e7\u00e3o do bloco constitu\u00eddo por Brasil, Argentina, Uruguai e Paraguai.<\/p>\n<p>\u201cNos \u00faltimos 30 anos, o com\u00e9rcio global aumentou muito e tirou 3,7 bilh\u00f5es de pessoas da mis\u00e9ria, aumentando a renda per capita. Enquanto isso, n\u00f3s, quando fomos pioneiros em criar grandes blocos de integra\u00e7\u00e3o comercial, fomos ficando para tr\u00e1s\u201d, disse o ministro ao iniciar sua participa\u00e7\u00e3o na comiss\u00e3o.<\/p>\n<p>Guedes disse que o Mercosul foi \u201cum grande sucesso\u201d como plataforma para aumentar a integra\u00e7\u00e3o do bloco e para lan\u00e7ar a economia brasileira na economia global. \u201cFoi uma esp\u00e9cie de trampolim para o Brasil se integrar \u00e0 economia global\u201d, disse o ministro ao lembrar que, entre 1991 e 1998, a participa\u00e7\u00e3o do Mercosul na corrente de com\u00e9rcio brasileira subir de 9% para 18%.\u00a0\u201cDepois disso come\u00e7ou a cair\u201d, complementou.<\/p>\n<p>\u201cNo in\u00edcio foi uma for\u00e7a de sustenta\u00e7\u00e3o para essa for\u00e7a de integra\u00e7\u00e3o nossa. Dali pra frente veio descendo e hoje est\u00e1 entre 6% e 7%. \u00c9 menos da metade do que j\u00e1 foi. O Mercosul n\u00e3o est\u00e1 correspondendo \u00e0s expectativas que foram lan\u00e7adas, e depois de um in\u00edcio forte, com a integra\u00e7\u00e3o regional, foi perdendo a import\u00e2ncia ao longo do tempo\u201d, argumentou.<\/p>\n<p><strong>Tarifa Externa Comum<\/strong><\/p>\n<p>Guedes acrescentou que continua considerando o bloco uma plataforma &#8220;v\u00e1lida e importante\u201d. \u201cMas precisamos modernizar essa ferramenta. Essa moderniza\u00e7\u00e3o passa pela redu\u00e7\u00e3o da tarifa externa comum (TEC) porque estamos acima do resto do mundo, que se integrou. No mundo, ela est\u00e1, em m\u00e9dia, entre 4% e 5%, e no Mercosul est\u00e1 em 13%\u201d, disse o ministro em meio a cr\u00edticas pelas dificuldades que a Argentina tem imposto para essa redu\u00e7\u00e3o.<\/p>\n<p>No in\u00edcio do ano, o Brasil prop\u00f4s ao bloco a primeira revis\u00e3o da TEC, cuja m\u00e9dia de al\u00edquotas est\u00e1 em 13,4%. Inicialmente a proposta era de uma redu\u00e7\u00e3o de 20% dessa al\u00edquota. Posteriormente a equipe econ\u00f4mica brasileira suavizou a redu\u00e7\u00e3o para 10% em 2021 e outros 10% em 2022 \u2013 percentual a ser aplicado sobre a atual al\u00edquota.<\/p>\n<p>Outro ponto que est\u00e1 em discuss\u00e3o \u00e9 a proposta de flexibilizar as negocia\u00e7\u00f5es comerciais do grupo regional com outros pa\u00edses, por meio da altera\u00e7\u00e3o do Tratado de Assun\u00e7\u00e3o, de forma a atenuar a exig\u00eancia de negocia\u00e7\u00e3o conjunta dos quatro pa\u00edses membros.<\/p>\n<p>\u201cN\u00e3o gostar\u00edamos que a cl\u00e1usula de consenso do Mercosul virasse um veto ou uma cl\u00e1usula de veto, que diz que se algu\u00e9m n\u00e3o quer andar, o outro tamb\u00e9m n\u00e3o pode andar. N\u00f3s achamos que o Brasil \u00e9 grande demais, com grande potencial e desafios enormes. N\u00e3o podemos ser prisioneiros de um arranjo institucional que n\u00e3o se modernize e degenere o fluxo de com\u00e9rcio.\u00a0O Brasil n\u00e3o pode virar prisioneiro de uma filosofia de protecionismo e atraso\u201d, disse Guedes.<\/p>\n<p>O ministro reiterou que a ferramenta que \u00e9 o Mercosul n\u00e3o est\u00e1 correspondendo \u00e0s necessidades brasileira e que, nas conversas com o governo argentino, tem dito que \u201csem fechar acordo, ou sem que nos acertemos, a ferramenta n\u00e3o far\u00e1 sentido para n\u00f3s\u201d.<\/p>\n<p><span style=\"font-weight: 400;\">Fonte: Ag\u00eancia Brasil <\/span><\/p>\n","protected":false},"excerpt":{"rendered":"<p>O ministro da Economia, Paulo Guedes, disse hoje (19) que o Mercosul n\u00e3o tem, para o Brasil, a mesma import\u00e2ncia que teve em seu momento inicial, quando foi \u201cuma esp\u00e9cie de trampolim\u201d para o pa\u00eds avan\u00e7ar em termos de competitividade.\u00a0 Segundo ele, o bloco \u201cn\u00e3o est\u00e1 correspondendo \u00e0s expectativas\u201d, ainda que n\u00e3o tenha deixado de [&hellip;]<\/p>\n","protected":false},"author":246,"featured_media":187144,"comment_status":"closed","ping_status":"closed","sticky":false,"template":"","format":"standard","meta":{"footnotes":""},"categories":[436,261,439],"tags":[],"class_list":["post-187143","post","type-post","status-publish","format-standard","has-post-thumbnail","hentry","category-destaque-da-semana","category-economia","category-ultima-hora"],"_links":{"self":[{"href":"https:\/\/diarioregionaldigital.com.br\/index.php?rest_route=\/wp\/v2\/posts\/187143","targetHints":{"allow":["GET"]}}],"collection":[{"href":"https:\/\/diarioregionaldigital.com.br\/index.php?rest_route=\/wp\/v2\/posts"}],"about":[{"href":"https:\/\/diarioregionaldigital.com.br\/index.php?rest_route=\/wp\/v2\/types\/post"}],"author":[{"embeddable":true,"href":"https:\/\/diarioregionaldigital.com.br\/index.php?rest_route=\/wp\/v2\/users\/246"}],"replies":[{"embeddable":true,"href":"https:\/\/diarioregionaldigital.com.br\/index.php?rest_route=%2Fwp%2Fv2%2Fcomments&post=187143"}],"version-history":[{"count":1,"href":"https:\/\/diarioregionaldigital.com.br\/index.php?rest_route=\/wp\/v2\/posts\/187143\/revisions"}],"predecessor-version":[{"id":187145,"href":"https:\/\/diarioregionaldigital.com.br\/index.php?rest_route=\/wp\/v2\/posts\/187143\/revisions\/187145"}],"wp:featuredmedia":[{"embeddable":true,"href":"https:\/\/diarioregionaldigital.com.br\/index.php?rest_route=\/wp\/v2\/media\/187144"}],"wp:attachment":[{"href":"https:\/\/diarioregionaldigital.com.br\/index.php?rest_route=%2Fwp%2Fv2%2Fmedia&parent=187143"}],"wp:term":[{"taxonomy":"category","embeddable":true,"href":"https:\/\/diarioregionaldigital.com.br\/index.php?rest_route=%2Fwp%2Fv2%2Fcategories&post=187143"},{"taxonomy":"post_tag","embeddable":true,"href":"https:\/\/diarioregionaldigital.com.br\/index.php?rest_route=%2Fwp%2Fv2%2Ftags&post=187143"}],"curies":[{"name":"wp","href":"https:\/\/api.w.org\/{rel}","templated":true}]}}