{"id":187140,"date":"2021-08-19T17:49:37","date_gmt":"2021-08-19T20:49:37","guid":{"rendered":"https:\/\/diarioregionaldigital.com.br\/?p=187140"},"modified":"2021-08-19T17:49:37","modified_gmt":"2021-08-19T20:49:37","slug":"ruidos-aumentam-projecoes-de-inflacao-diz-presidente-do-bc","status":"publish","type":"post","link":"https:\/\/diarioregionaldigital.com.br\/?p=187140","title":{"rendered":"Ru\u00eddos aumentam proje\u00e7\u00f5es de infla\u00e7\u00e3o, diz presidente do BC"},"content":{"rendered":"<p>O presidente do Banco Central, Roberto Campos Neto, disse hoje (19) que ru\u00eddos no cen\u00e1rio pol\u00edtico t\u00eam levado o mercado a aumentar as proje\u00e7\u00f5es de infla\u00e7\u00e3o do Brasil. \u201cH\u00e1 muito ru\u00eddo na parte do funcionamento institucional do Brasil, a briga entre Poderes\u201d, destacou em palestra virtual do Council of the Americas.<img decoding=\"async\" src=\"https:\/\/agenciabrasil.ebc.com.br\/ebc.png?id=1419010&amp;o=node\" \/><img decoding=\"async\" src=\"https:\/\/agenciabrasil.ebc.com.br\/ebc.gif?id=1419010&amp;o=node\" \/><\/p>\n<p>Para Campos Neto, as turbul\u00eancias t\u00eam feito com que as perspectivas em rela\u00e7\u00e3o a situa\u00e7\u00e3o econ\u00f4mica do pa\u00eds do mercado sejam consideravelmente diferentes das an\u00e1lises t\u00e9cnicas do Banco Central. \u201cN\u00f3s percebemos que a desconex\u00e3o entre os n\u00fameros que n\u00f3s vemos no mercado e os n\u00fameros que n\u00f3s temos internamente \u00e9 maior do que a de costume\u201d, acrescentou.<\/p>\n<p>O \u00faltimo Boletim Focus, pesquisa feita pelo BC com especialistas do\u00a0<a href=\"https:\/\/agenciabrasil.ebc.com.br\/economia\/noticia\/2021-08\/mercado-financeiro-eleva-projecao-da-inflacao-para-705-este-ano\" target=\"_blank\" rel=\"noopener\">sistema financeiro<\/a>, mostrou que a previs\u00e3o do mercado para a infla\u00e7\u00e3o medida pelo \u00cdndice Nacional de Pre\u00e7os ao Consumidor Amplo (IPCA) deste ano subiu de 6,88% para 7,05%. Para 2022, a estimativa de infla\u00e7\u00e3o \u00e9 de 3,90%.<\/p>\n<p>A previs\u00e3o para 2021 est\u00e1 acima da meta de infla\u00e7\u00e3o definida pelo Conselho Monet\u00e1rio Nacional, de 3,75% para este ano, com intervalo de toler\u00e2ncia de 1,5 ponto percentual para cima ou para baixo. Ou seja, o limite inferior \u00e9 de 2,25% e o superior, de 5,25%.<\/p>\n<p><strong>Risco fiscal<\/strong><\/p>\n<p>As mudan\u00e7as anunciadas pelo governo federal no Programa Bolsa Fam\u00edlia tamb\u00e9m ajudaram, na avalia\u00e7\u00e3o do presidente do BC, a trazer incertezas para os operadores do mercado. \u201cQuando o governo explicar o que o Bolsa Fam\u00edlia vai ser e como vai se pagar por ele, isso vai acabar com algumas incertezas que n\u00f3s vemos no mercado\u201d, disse.<\/p>\n<p>A medida provis\u00f3ria que cria um novo programa, chamado de Aux\u00edlio Brasil, foi apresentada ao Congresso Nacional no \u00faltimo dia 9 de agosto. O novo programa social deve pagar, pelo menos, 50% acima do valor m\u00e9dio pago pelo Bolsa Fam\u00edlia, que atualmente \u00e9 de R$ 189. Parte dos recursos do novo programa vir\u00e1 do parcelamento do pagamento de precat\u00f3rios previsto na PEC e tamb\u00e9m de um fundo que ser\u00e1 criado com recursos de privatiza\u00e7\u00f5es.<\/p>\n<p>Campos Neto disse que ser\u00e3o feitos todos os esfor\u00e7os para manter a infla\u00e7\u00e3o dentro das metas. \u201cSe tem algo que impacta o crescimento sustent\u00e1vel em m\u00e9dio e longo prazo \u00e9 infla\u00e7\u00e3o, que age de modo perverso em muitos aspectos\u201d, disse ao ser perguntado sobre os poss\u00edveis impactos das taxas de juros nos \u00edndices de emprego e crescimento econ\u00f4mico.<\/p>\n<p>Para o presidente do BC, o descontrole nos pre\u00e7os, inclusive, \u00e9 um dos fatores que aumenta a desigualdade social. \u201cPessoas que t\u00eam mais dinheiro est\u00e3o mais protegidas da infla\u00e7\u00e3o das que t\u00eam menos dinheiro. Isso cria desigualdade. E o governo, para compensar essa desigualdade tem que gastar mais\u201d.<\/p>\n<p><span style=\"font-weight: 400;\">Fonte: Ag\u00eancia Brasil <\/span><\/p>\n","protected":false},"excerpt":{"rendered":"<p>O presidente do Banco Central, Roberto Campos Neto, disse hoje (19) que ru\u00eddos no cen\u00e1rio pol\u00edtico t\u00eam levado o mercado a aumentar as proje\u00e7\u00f5es de infla\u00e7\u00e3o do Brasil. \u201cH\u00e1 muito ru\u00eddo na parte do funcionamento institucional do Brasil, a briga entre Poderes\u201d, destacou em palestra virtual do Council of the Americas. Para Campos Neto, as [&hellip;]<\/p>\n","protected":false},"author":246,"featured_media":187141,"comment_status":"closed","ping_status":"closed","sticky":false,"template":"","format":"standard","meta":{"footnotes":""},"categories":[440,261,439],"tags":[],"class_list":["post-187140","post","type-post","status-publish","format-standard","has-post-thumbnail","hentry","category-destaques-do-dia","category-economia","category-ultima-hora"],"_links":{"self":[{"href":"https:\/\/diarioregionaldigital.com.br\/index.php?rest_route=\/wp\/v2\/posts\/187140","targetHints":{"allow":["GET"]}}],"collection":[{"href":"https:\/\/diarioregionaldigital.com.br\/index.php?rest_route=\/wp\/v2\/posts"}],"about":[{"href":"https:\/\/diarioregionaldigital.com.br\/index.php?rest_route=\/wp\/v2\/types\/post"}],"author":[{"embeddable":true,"href":"https:\/\/diarioregionaldigital.com.br\/index.php?rest_route=\/wp\/v2\/users\/246"}],"replies":[{"embeddable":true,"href":"https:\/\/diarioregionaldigital.com.br\/index.php?rest_route=%2Fwp%2Fv2%2Fcomments&post=187140"}],"version-history":[{"count":1,"href":"https:\/\/diarioregionaldigital.com.br\/index.php?rest_route=\/wp\/v2\/posts\/187140\/revisions"}],"predecessor-version":[{"id":187142,"href":"https:\/\/diarioregionaldigital.com.br\/index.php?rest_route=\/wp\/v2\/posts\/187140\/revisions\/187142"}],"wp:featuredmedia":[{"embeddable":true,"href":"https:\/\/diarioregionaldigital.com.br\/index.php?rest_route=\/wp\/v2\/media\/187141"}],"wp:attachment":[{"href":"https:\/\/diarioregionaldigital.com.br\/index.php?rest_route=%2Fwp%2Fv2%2Fmedia&parent=187140"}],"wp:term":[{"taxonomy":"category","embeddable":true,"href":"https:\/\/diarioregionaldigital.com.br\/index.php?rest_route=%2Fwp%2Fv2%2Fcategories&post=187140"},{"taxonomy":"post_tag","embeddable":true,"href":"https:\/\/diarioregionaldigital.com.br\/index.php?rest_route=%2Fwp%2Fv2%2Ftags&post=187140"}],"curies":[{"name":"wp","href":"https:\/\/api.w.org\/{rel}","templated":true}]}}