{"id":187137,"date":"2021-08-19T16:03:01","date_gmt":"2021-08-19T19:03:01","guid":{"rendered":"https:\/\/diarioregionaldigital.com.br\/?p=187137"},"modified":"2021-08-19T16:03:01","modified_gmt":"2021-08-19T19:03:01","slug":"policia-militar-apreende-arma-de-fogo-no-vale-do-yung","status":"publish","type":"post","link":"https:\/\/diarioregionaldigital.com.br\/?p=187137","title":{"rendered":"Pol\u00edcia Militar apreende arma de fogo no Vale do Yung"},"content":{"rendered":"<p>Na noite de quarta-feira, 18ago21 por volta das 18h38min, a Pol\u00edcia Militar deslocou at\u00e9 a Rua Terezinha de Lourdes no Vale do Yung para verifica\u00e7\u00e3o de den\u00fancia referente a posse ilegal de arma de fogo. No local, realizadas as buscas no t\u00e9rreo do im\u00f3vel, onde funciona um bar, foi localizado e apreendido um rev\u00f3lver cal .32 que foi apreendido. O propriet\u00e1rio da arma de fogo, um adolescente de 15 anos, foi apreendido e encaminhado \u00e0 Delegacia.<\/p>\n","protected":false},"excerpt":{"rendered":"<p>Na noite de quarta-feira, 18ago21 por volta das 18h38min, a Pol\u00edcia Militar deslocou at\u00e9 a Rua Terezinha de Lourdes no Vale do Yung para verifica\u00e7\u00e3o de den\u00fancia referente a posse ilegal de arma de fogo. No local, realizadas as buscas no t\u00e9rreo do im\u00f3vel, onde funciona um bar, foi localizado e apreendido um rev\u00f3lver cal [&hellip;]<\/p>\n","protected":false},"author":246,"featured_media":187138,"comment_status":"closed","ping_status":"closed","sticky":false,"template":"","format":"standard","meta":{"footnotes":""},"categories":[301,1229,439],"tags":[],"class_list":["post-187137","post","type-post","status-publish","format-standard","has-post-thumbnail","hentry","category-artigos-policiais","category-policial","category-ultima-hora"],"_links":{"self":[{"href":"https:\/\/diarioregionaldigital.com.br\/index.php?rest_route=\/wp\/v2\/posts\/187137","targetHints":{"allow":["GET"]}}],"collection":[{"href":"https:\/\/diarioregionaldigital.com.br\/index.php?rest_route=\/wp\/v2\/posts"}],"about":[{"href":"https:\/\/diarioregionaldigital.com.br\/index.php?rest_route=\/wp\/v2\/types\/post"}],"author":[{"embeddable":true,"href":"https:\/\/diarioregionaldigital.com.br\/index.php?rest_route=\/wp\/v2\/users\/246"}],"replies":[{"embeddable":true,"href":"https:\/\/diarioregionaldigital.com.br\/index.php?rest_route=%2Fwp%2Fv2%2Fcomments&post=187137"}],"version-history":[{"count":1,"href":"https:\/\/diarioregionaldigital.com.br\/index.php?rest_route=\/wp\/v2\/posts\/187137\/revisions"}],"predecessor-version":[{"id":187139,"href":"https:\/\/diarioregionaldigital.com.br\/index.php?rest_route=\/wp\/v2\/posts\/187137\/revisions\/187139"}],"wp:featuredmedia":[{"embeddable":true,"href":"https:\/\/diarioregionaldigital.com.br\/index.php?rest_route=\/wp\/v2\/media\/187138"}],"wp:attachment":[{"href":"https:\/\/diarioregionaldigital.com.br\/index.php?rest_route=%2Fwp%2Fv2%2Fmedia&parent=187137"}],"wp:term":[{"taxonomy":"category","embeddable":true,"href":"https:\/\/diarioregionaldigital.com.br\/index.php?rest_route=%2Fwp%2Fv2%2Fcategories&post=187137"},{"taxonomy":"post_tag","embeddable":true,"href":"https:\/\/diarioregionaldigital.com.br\/index.php?rest_route=%2Fwp%2Fv2%2Ftags&post=187137"}],"curies":[{"name":"wp","href":"https:\/\/api.w.org\/{rel}","templated":true}]}}