{"id":187125,"date":"2021-08-18T19:06:49","date_gmt":"2021-08-18T22:06:49","guid":{"rendered":"https:\/\/diarioregionaldigital.com.br\/?p=187125"},"modified":"2021-08-18T19:06:49","modified_gmt":"2021-08-18T22:06:49","slug":"empav-realiza-recomposicao-asfaltica-no-bairro-alto-dos-passos","status":"publish","type":"post","link":"https:\/\/diarioregionaldigital.com.br\/?p=187125","title":{"rendered":"Empav realiza recomposi\u00e7\u00e3o asf\u00e1ltica no bairro Alto dos Passos"},"content":{"rendered":"<p>Dando continuidade ao cronograma de atua\u00e7\u00e3o da Opera\u00e7\u00e3o Boniteza da Prefeitura de Juiz de Fora (PJF), equipes da Empresa Municipal de Pavimenta\u00e7\u00e3o e Urbaniza\u00e7\u00e3o (Empav), realizaram servi\u00e7os de recomposi\u00e7\u00e3o asf\u00e1ltica, conhecido como &#8216;tapa-buraco&#8217; em diversos bairros da cidade. Segundo informa\u00e7\u00f5es do site da Prefeitura de Juiz de Fora, nesta ter\u00e7a-feira, 17, servidores atenderam demandas do bairro Alto dos Passos, nas seguintes ruas: Rua Bar\u00e3o de S\u00e3o Jo\u00e3o Marcelino; Rua Severiano Sarmento; e Rua Doutor Laureano. Al\u00e9m dessas ruas, tamb\u00e9m foram atendidos mais oito bairros.<\/p>\n<p><b>Confira a lista completa de ruas atendidas:<\/b><\/p>\n<p>Rotat\u00f3ria do Parque Guarani &#8211; Parque Guarani<br \/>\nRua Vereador Joaquim Jose Sobreira &#8211; Filgueiras<br \/>\nRua Jos\u00e9 Marcelino Teixeira &#8211; Filgueiras<br \/>\nRua Maria C\u00e2ndida de Resende &#8211; Filgueiras<br \/>\nRua Berenice Campos de Souza &#8211; Barreira do Triunfo*<br \/>\nRua Francisca Bibiana Torres &#8211; Barreira do Triunfo<br \/>\nRua Alberto Guedes &#8211; Jardim Esperan\u00e7a<br \/>\nRua Arist\u00f3teles Evaristo do Nascimento &#8211; Jardim Esperan\u00e7a<br \/>\nAvenida Francisco Valadares &#8211; Vila Ideal*<br \/>\nRua S\u00e3o Pancr\u00e1cio &#8211; S\u00e3o Tarc\u00edsio<br \/>\nRua Jo\u00e3o Luzia &#8211; Tr\u00eas Moinhos<br \/>\nRua Diva Garcia &#8211; Linhares<\/p>\n","protected":false},"excerpt":{"rendered":"<p>Dando continuidade ao cronograma de atua\u00e7\u00e3o da Opera\u00e7\u00e3o Boniteza da Prefeitura de Juiz de Fora (PJF), equipes da Empresa Municipal de Pavimenta\u00e7\u00e3o e Urbaniza\u00e7\u00e3o (Empav), realizaram servi\u00e7os de recomposi\u00e7\u00e3o asf\u00e1ltica, conhecido como &#8216;tapa-buraco&#8217; em diversos bairros da cidade. Segundo informa\u00e7\u00f5es do site da Prefeitura de Juiz de Fora, nesta ter\u00e7a-feira, 17, servidores atenderam demandas do [&hellip;]<\/p>\n","protected":false},"author":246,"featured_media":187126,"comment_status":"closed","ping_status":"closed","sticky":false,"template":"","format":"standard","meta":{"footnotes":""},"categories":[253,436,439],"tags":[],"class_list":["post-187125","post","type-post","status-publish","format-standard","has-post-thumbnail","hentry","category-cidade","category-destaque-da-semana","category-ultima-hora"],"_links":{"self":[{"href":"https:\/\/diarioregionaldigital.com.br\/index.php?rest_route=\/wp\/v2\/posts\/187125","targetHints":{"allow":["GET"]}}],"collection":[{"href":"https:\/\/diarioregionaldigital.com.br\/index.php?rest_route=\/wp\/v2\/posts"}],"about":[{"href":"https:\/\/diarioregionaldigital.com.br\/index.php?rest_route=\/wp\/v2\/types\/post"}],"author":[{"embeddable":true,"href":"https:\/\/diarioregionaldigital.com.br\/index.php?rest_route=\/wp\/v2\/users\/246"}],"replies":[{"embeddable":true,"href":"https:\/\/diarioregionaldigital.com.br\/index.php?rest_route=%2Fwp%2Fv2%2Fcomments&post=187125"}],"version-history":[{"count":1,"href":"https:\/\/diarioregionaldigital.com.br\/index.php?rest_route=\/wp\/v2\/posts\/187125\/revisions"}],"predecessor-version":[{"id":187127,"href":"https:\/\/diarioregionaldigital.com.br\/index.php?rest_route=\/wp\/v2\/posts\/187125\/revisions\/187127"}],"wp:featuredmedia":[{"embeddable":true,"href":"https:\/\/diarioregionaldigital.com.br\/index.php?rest_route=\/wp\/v2\/media\/187126"}],"wp:attachment":[{"href":"https:\/\/diarioregionaldigital.com.br\/index.php?rest_route=%2Fwp%2Fv2%2Fmedia&parent=187125"}],"wp:term":[{"taxonomy":"category","embeddable":true,"href":"https:\/\/diarioregionaldigital.com.br\/index.php?rest_route=%2Fwp%2Fv2%2Fcategories&post=187125"},{"taxonomy":"post_tag","embeddable":true,"href":"https:\/\/diarioregionaldigital.com.br\/index.php?rest_route=%2Fwp%2Fv2%2Ftags&post=187125"}],"curies":[{"name":"wp","href":"https:\/\/api.w.org\/{rel}","templated":true}]}}