{"id":187122,"date":"2021-08-18T19:01:53","date_gmt":"2021-08-18T22:01:53","guid":{"rendered":"https:\/\/diarioregionaldigital.com.br\/?p=187122"},"modified":"2021-08-18T19:01:53","modified_gmt":"2021-08-18T22:01:53","slug":"pjf-interdita-estacionamento-no-centro-da-cidade","status":"publish","type":"post","link":"https:\/\/diarioregionaldigital.com.br\/?p=187122","title":{"rendered":"PJF interdita estacionamento no centro da cidade"},"content":{"rendered":"<p>A Prefeitura de Juiz de Fora segue atuando no combate \u00e0 explora\u00e7\u00e3o da m\u00e3o de obra. Nesta quarta-feira, dia 18, foi autuado e interditado cautelarmente um estacionamento que servia de apoio ao com\u00e9rcio irregular no centro da cidade.<\/p>\n<p>Segundo informa\u00e7\u00f5es do site da Prefeitura de Juiz de Fora, as verduras e frutas apreendidas foram doadas para a Aldeias Infantis SOS de Juiz de Fora no bairro Grama.<\/p>\n<p><b>Reorganiza\u00e7\u00e3o do Com\u00e9rcio de rua<\/b><\/p>\n<p>A Prefeitura de Juiz de Fora (PJF) montou um Grupo de Trabalho (GT) para estudar e organizar o com\u00e9rcio popular de rua. De 28 de maio a 7 de julho, foi realizado um cadastro que contou com a participa\u00e7\u00e3o de 706 pessoas. Os dados obtidos mostram o perfil daqueles que buscam se regularizar. O GT est\u00e1 analisando os resultados para revisar a legisla\u00e7\u00e3o, al\u00e9m de realizar encontros entre v\u00e1rios setores e representantes da PJF.<\/p>\n","protected":false},"excerpt":{"rendered":"<p>A Prefeitura de Juiz de Fora segue atuando no combate \u00e0 explora\u00e7\u00e3o da m\u00e3o de obra. Nesta quarta-feira, dia 18, foi autuado e interditado cautelarmente um estacionamento que servia de apoio ao com\u00e9rcio irregular no centro da cidade. Segundo informa\u00e7\u00f5es do site da Prefeitura de Juiz de Fora, as verduras e frutas apreendidas foram doadas [&hellip;]<\/p>\n","protected":false},"author":246,"featured_media":0,"comment_status":"closed","ping_status":"closed","sticky":false,"template":"","format":"standard","meta":{"footnotes":""},"categories":[253,436,439],"tags":[],"class_list":["post-187122","post","type-post","status-publish","format-standard","hentry","category-cidade","category-destaque-da-semana","category-ultima-hora"],"_links":{"self":[{"href":"https:\/\/diarioregionaldigital.com.br\/index.php?rest_route=\/wp\/v2\/posts\/187122","targetHints":{"allow":["GET"]}}],"collection":[{"href":"https:\/\/diarioregionaldigital.com.br\/index.php?rest_route=\/wp\/v2\/posts"}],"about":[{"href":"https:\/\/diarioregionaldigital.com.br\/index.php?rest_route=\/wp\/v2\/types\/post"}],"author":[{"embeddable":true,"href":"https:\/\/diarioregionaldigital.com.br\/index.php?rest_route=\/wp\/v2\/users\/246"}],"replies":[{"embeddable":true,"href":"https:\/\/diarioregionaldigital.com.br\/index.php?rest_route=%2Fwp%2Fv2%2Fcomments&post=187122"}],"version-history":[{"count":1,"href":"https:\/\/diarioregionaldigital.com.br\/index.php?rest_route=\/wp\/v2\/posts\/187122\/revisions"}],"predecessor-version":[{"id":187124,"href":"https:\/\/diarioregionaldigital.com.br\/index.php?rest_route=\/wp\/v2\/posts\/187122\/revisions\/187124"}],"wp:attachment":[{"href":"https:\/\/diarioregionaldigital.com.br\/index.php?rest_route=%2Fwp%2Fv2%2Fmedia&parent=187122"}],"wp:term":[{"taxonomy":"category","embeddable":true,"href":"https:\/\/diarioregionaldigital.com.br\/index.php?rest_route=%2Fwp%2Fv2%2Fcategories&post=187122"},{"taxonomy":"post_tag","embeddable":true,"href":"https:\/\/diarioregionaldigital.com.br\/index.php?rest_route=%2Fwp%2Fv2%2Ftags&post=187122"}],"curies":[{"name":"wp","href":"https:\/\/api.w.org\/{rel}","templated":true}]}}