{"id":187116,"date":"2021-08-18T18:57:03","date_gmt":"2021-08-18T21:57:03","guid":{"rendered":"https:\/\/diarioregionaldigital.com.br\/?p=187116"},"modified":"2021-08-18T18:57:03","modified_gmt":"2021-08-18T21:57:03","slug":"com-mais-de-175-mil-pessoas-imunizadas-vacinacao-contra-a-influenza-segue-nesta-semana","status":"publish","type":"post","link":"https:\/\/diarioregionaldigital.com.br\/?p=187116","title":{"rendered":"Com mais de 175 mil pessoas imunizadas, vacina\u00e7\u00e3o contra a Influenza segue nesta semana"},"content":{"rendered":"<p>A Secretaria de Sa\u00fade (SS) da Prefeitura de Juiz de Fora (PJF) j\u00e1 vacinou 177.441 pessoas desde o come\u00e7o de sua campanha de imuniza\u00e7\u00e3o contra Influenza, iniciada em abril. Nesta fase final, a aplica\u00e7\u00e3o da vacina trivalente segue para todas as pessoas acima de seis meses de idade. Nesta quinta-feira, 19, a imuniza\u00e7\u00e3o acontece em 35 Unidades B\u00e1sicas de Sa\u00fade (UBSs) espalhadas pela cidade, das 8h \u00e0s 11h, e \u00e0 tarde, das 13h \u00e0s 14h. J\u00e1 na sexta-feira, 20, a vacina\u00e7\u00e3o ocorre nos mesmos locais, mas das 8h \u00e0s 11h e com hor\u00e1rio maior \u00e0 tarde, das 13h \u00e0s 16h.<\/p>\n<p>Segundo informa\u00e7\u00f5es do site da Prefeitura de Juiz de Fora, at\u00e9 o momento, 67.512 idosos com 60 anos ou mais e 25.836 crian\u00e7as de seis meses a seis anos incompletos foram vacinados, sendo os dois p\u00fablicos-alvos com maior n\u00famero de imunizados ao longo da campanha. Profissionais da sa\u00fade, da educa\u00e7\u00e3o, pessoas com defici\u00eancia, pessoas com comorbidade, entre outros grupos tamb\u00e9m tiveram prioridade de vacina\u00e7\u00e3o ao longo destes meses. Seguindo orienta\u00e7\u00e3o do Minist\u00e9rio da Sa\u00fade (MS), a campanha seguir\u00e1 sendo oferecida para toda a popula\u00e7\u00e3o com 6 meses ou mais de idade, enquanto houver estoque da vacina contra Influenza. Desde a libera\u00e7\u00e3o de aplica\u00e7\u00e3o da vacina no p\u00fablico geral, mais de 40 mil pessoas que n\u00e3o fazem parte de nenhum dos grupos priorit\u00e1rios j\u00e1 foram vacinadas.<\/p>\n<p>Al\u00e9m das 35 UBSs que fazem parte da campanha neste momento, os idosos com 60 anos ou mais t\u00eam a possibilidade de serem vacinados no Departamento de Sa\u00fade do Idoso (DSI), das 8h \u00e0s 11h e das 13h \u00e0s 16h, enquanto as crian\u00e7as de 6 meses ou mais, gr\u00e1vidas e pu\u00e9rperas (mulheres em p\u00f3s-parto de at\u00e9 45 dias), podem, ainda, serem imunizadas no Departamento de Sa\u00fade da Mulher da Crian\u00e7a e Adolescente (DSMCA), das 8h \u00e0s 14h.\u00a0<b>Os endere\u00e7os e hor\u00e1rios de vacina\u00e7\u00e3o podem ser vistos de forma detalhada no fim do texto.<br \/>\n<\/b><\/p>\n<p>A vacina oferecida \u00e9 a trivalente, capaz de proteger contra os tr\u00eas principais tipos de v\u00edrus em circula\u00e7\u00e3o: Influenza A (H1N1), Influenza A (H3N2) e Influenza B. A imuniza\u00e7\u00e3o previne complica\u00e7\u00f5es decorrentes da doen\u00e7a, \u00f3bitos e suas consequ\u00eancias sobre os servi\u00e7os de sa\u00fade, al\u00e9m de minimizar a carga viral da doen\u00e7a, reduzindo os sintomas que podem ser confundidos com os da Covid-19.<\/p>\n<p><b>Fique atento<\/b><\/p>\n<p>Para receber a vacina contra a Influenza, as pessoas devem apresentar documento original com foto, como carteira de motorista ou documento de identidade (RG). Como a campanha contra o Influenza est\u00e1 ocorrendo paralela \u00e0 campanha de combate \u00e0 Covid-19, \u00e9 importante que quem foi vacinado contra a covid apresente o cart\u00e3o no momento de receber a vacina contra a Influenza, pois \u00e9 preciso um intervalo de, pelo menos, 14 dias entre a aplica\u00e7\u00e3o de uma e da outra vacina. Para quem foi diagnosticado com Covid-19, \u00e9 recomendado ao menos 30 dias de espera entre o come\u00e7o dos sintomas ou teste positivo (no caso dos assintom\u00e1ticos) para receber o imunizante.<\/p>\n<p><b>Confira os locais e hor\u00e1rios de vacina\u00e7\u00e3o nesta quinta-feira, dia 19<\/b><\/p>\n<p><b>Todas as pessoas a partir de 6 meses de idade<\/b><br \/>\nEm 35 UBSs, das 8h \u00e0s 11h, e das 13h \u00e0s 14h.<\/p>\n<p><b>Crian\u00e7as a partir de 6 meses de idade<\/b><br \/>\nDepartamento de Sa\u00fade da Mulher da Crian\u00e7a e Adolescente (DSMCA), das 8h \u00e0s 14h, e em 35 UBSs, das 8h \u00e0s 11h, e das 13h \u00e0s 14h.<\/p>\n<p><b>Gr\u00e1vidas e pu\u00e9rperas<\/b><br \/>\nDepartamento de Sa\u00fade da Mulher da Crian\u00e7a e Adolescente (DSMCA), das 8h \u00e0s 14h, e em 35 UBSs, das 8h \u00e0s 11h, e das 13h \u00e0s 14h.<\/p>\n<p><b>Idosos de 60 anos ou mais<\/b><br \/>\nNo Departamento de Sa\u00fade do Idoso, das 8h \u00e0s 16h, e em 35 UBSs, das 8h \u00e0s 11h, e das 13h \u00e0s 14.<\/p>\n<p><b>Confira os endere\u00e7os dos locais de vacina\u00e7\u00e3o<\/b><\/p>\n<p><b>Departamento de Sa\u00fade do Idoso<\/b><br \/>\nRua Batista de Oliveira, 943, Granbery<\/p>\n<p><b>Departamento de Sa\u00fade da Mulher da Crian\u00e7a e Adolescente (DSMCA)<\/b><br \/>\nRua s\u00e3o Sebasti\u00e3o, 772, Centro<\/p>\n<p><b>35 UBSs que realizam a aplica\u00e7\u00e3o de vacinas contra a Influenza:<\/b><br \/>\nUBS Alto Graja\u00fa, Rua Doutor Leonel Jaguaribe, 178;<br \/>\nUBS Bairro Industrial, Rua Jo\u00e3o Gualberto,110;<br \/>\nUBS Barreira do Triunfo, Avenida Juscelino Kubitscheck, s\/n\u00ba;<br \/>\nUBS Borboleta, Rua Tenente Paulo Maria Delage, 229;<br \/>\nUBS Cidade do Sol, Rua Gustavo Capanema, 70;<br \/>\nUBS Centro Sul, Avenida Rio Branco, 3.132;<br \/>\nUBS Dom Bosco, Rua Jo\u00e3o Manata, 93;<br \/>\nUBS Esplanada, Rua Bias Fortes, 74;<br \/>\nUBS Filgueiras, Rua Orlando Riani, 2.200;<br \/>\nUBS Furtado de Menezes, Rua Furtado de Menezes, 19 \u00c0;<br \/>\nUBS Grama, Pra\u00e7a \u00c1ureo Carneiro s\/n;<br \/>\nUBS Granjas Beth\u00e2nia, Rua Nove de Julho, 294;<br \/>\nUBS Ipiranga, Rua Etiene Loures, 85;<br \/>\nUBS Jardim da Lua, Rua Natalino Jos\u00e9 de Paula, 314;<br \/>\nUBS Jardim Esperan\u00e7a, Rua Padre Jo\u00e3o Micheleto, 35;<br \/>\nUBS Jardim Natal, Rua Tenente Lucas Drumond, 370;<br \/>\nUBS Joquei Clube I, Rua Antonio Armando Pereira, 140;<br \/>\nUBS Joquei Clube II, Rua Ant\u00f4nio Guimar\u00e3es Peralva, 130;<br \/>\nUBS Linhares, Rua Ministro Odilon Braga, s\/n\u00ba;<br \/>\nUBS Marumbi, Rua Bar\u00e3o do Retiro, 1.462;<br \/>\nUBS Monte Castelo, Rua Doutor Oswaldo Mascarenhas, s\/n\u00ba;<br \/>\nUBS Nova Era, Rua Guimar\u00e3es J\u00fanior, 850;<br \/>\nUBS Parque Guarani, Rua Sofia Rafael Zacarias, 685;<br \/>\nUBS Retiro Rua, Sebasti\u00e3o Cardoso, 41;<br \/>\nUBS Santa Cruz, Rua Doutor Ant\u00f4nio Mour\u00e3o Guimar\u00e3es, 245;<br \/>\nUBS Santa Efig\u00eania, Rua Jos\u00e9 Ferreira, 13;<br \/>\nUBS Santa Rita, Rua Jos\u00e9 Vicente, 390;<br \/>\nUBS Santo Ant\u00f4nio, Rua Pedro Trogo, 285;<br \/>\nUBS Santos Dumont, Rua \u00c1lvaro Jos\u00e9 Rodrigues, 25;<br \/>\nUBS S\u00e3o Judas Tadeu, Rua Ernesto Pancini, 446;UBS S\u00e3o Sebasti\u00e3o, Rua Jorge Raimundo, 209;<br \/>\nUBS Teixeiras, Rua Cust\u00f3dio Furtado de Souza, 131;<br \/>\nUBS Vale Verde, Rua Marciano Pinto, 685;<br \/>\nUBS Vila Esperan\u00e7a, Rua Nova, 30;<br \/>\nUBS Vila Olavo Costa, Rua Jacinto Marcelino, 16.<\/p>\n","protected":false},"excerpt":{"rendered":"<p>A Secretaria de Sa\u00fade (SS) da Prefeitura de Juiz de Fora (PJF) j\u00e1 vacinou 177.441 pessoas desde o come\u00e7o de sua campanha de imuniza\u00e7\u00e3o contra Influenza, iniciada em abril. Nesta fase final, a aplica\u00e7\u00e3o da vacina trivalente segue para todas as pessoas acima de seis meses de idade. Nesta quinta-feira, 19, a imuniza\u00e7\u00e3o acontece em [&hellip;]<\/p>\n","protected":false},"author":246,"featured_media":187117,"comment_status":"closed","ping_status":"closed","sticky":false,"template":"","format":"standard","meta":{"footnotes":""},"categories":[253,440,439],"tags":[],"class_list":["post-187116","post","type-post","status-publish","format-standard","has-post-thumbnail","hentry","category-cidade","category-destaques-do-dia","category-ultima-hora"],"_links":{"self":[{"href":"https:\/\/diarioregionaldigital.com.br\/index.php?rest_route=\/wp\/v2\/posts\/187116","targetHints":{"allow":["GET"]}}],"collection":[{"href":"https:\/\/diarioregionaldigital.com.br\/index.php?rest_route=\/wp\/v2\/posts"}],"about":[{"href":"https:\/\/diarioregionaldigital.com.br\/index.php?rest_route=\/wp\/v2\/types\/post"}],"author":[{"embeddable":true,"href":"https:\/\/diarioregionaldigital.com.br\/index.php?rest_route=\/wp\/v2\/users\/246"}],"replies":[{"embeddable":true,"href":"https:\/\/diarioregionaldigital.com.br\/index.php?rest_route=%2Fwp%2Fv2%2Fcomments&post=187116"}],"version-history":[{"count":1,"href":"https:\/\/diarioregionaldigital.com.br\/index.php?rest_route=\/wp\/v2\/posts\/187116\/revisions"}],"predecessor-version":[{"id":187118,"href":"https:\/\/diarioregionaldigital.com.br\/index.php?rest_route=\/wp\/v2\/posts\/187116\/revisions\/187118"}],"wp:featuredmedia":[{"embeddable":true,"href":"https:\/\/diarioregionaldigital.com.br\/index.php?rest_route=\/wp\/v2\/media\/187117"}],"wp:attachment":[{"href":"https:\/\/diarioregionaldigital.com.br\/index.php?rest_route=%2Fwp%2Fv2%2Fmedia&parent=187116"}],"wp:term":[{"taxonomy":"category","embeddable":true,"href":"https:\/\/diarioregionaldigital.com.br\/index.php?rest_route=%2Fwp%2Fv2%2Fcategories&post=187116"},{"taxonomy":"post_tag","embeddable":true,"href":"https:\/\/diarioregionaldigital.com.br\/index.php?rest_route=%2Fwp%2Fv2%2Ftags&post=187116"}],"curies":[{"name":"wp","href":"https:\/\/api.w.org\/{rel}","templated":true}]}}