{"id":187113,"date":"2021-08-18T18:51:05","date_gmt":"2021-08-18T21:51:05","guid":{"rendered":"https:\/\/diarioregionaldigital.com.br\/?p=187113"},"modified":"2021-08-18T18:51:05","modified_gmt":"2021-08-18T21:51:05","slug":"pelo-2o-ano-seguido-gp-do-japao-de-f1-e-cancelado-devido-a-covid-19","status":"publish","type":"post","link":"https:\/\/diarioregionaldigital.com.br\/?p=187113","title":{"rendered":"Pelo 2\u00ba ano seguido, GP do Jap\u00e3o de F1 \u00e9 cancelado devido \u00e0 covid-19"},"content":{"rendered":"<p>O Grande Pr\u00eamio de F\u00f3rmula 1 de 2021 do Jap\u00e3o foi cancelado devido \u00e0 pandemia de covid-19 pelo segundo ano consecutivo, informaram os organizadores da corrida nesta quarta-feira.<img decoding=\"async\" src=\"https:\/\/agenciabrasil.ebc.com.br\/ebc.png?id=1418850&amp;o=node\" \/><img decoding=\"async\" src=\"https:\/\/agenciabrasil.ebc.com.br\/ebc.gif?id=1418850&amp;o=node\" \/><\/p>\n<p>O cancelamento da prova, agendada para o final de semana de 8 a 10 de outubro no circuito de Suzuka, ocorre na esteira da desist\u00eancia da realiza\u00e7\u00e3o da corrida noturna de Cingapura entre os dias 1\u00ba e 3 de outubro.<\/p>\n<p>&#8220;Depois de conversas em andamento com o promotor e as autoridades do Jap\u00e3o, o governo japon\u00eas tomou a decis\u00e3o de cancelar a corrida nesta temporada devido \u00e0s complexidades atuais da pandemia no pa\u00eds&#8221;, disse a F1 em um comunicado. &#8220;Agora a F\u00f3rmula 1 est\u00e1 trabalhando nos detalhes do calend\u00e1rio revisado, e anunciar\u00e1 os detalhes finais nas pr\u00f3ximas semanas.&#8221;<\/p>\n<p>Recentemente, o Jap\u00e3o sediou a Olimp\u00edada de T\u00f3quio sem a presen\u00e7a de espectadores, e as competi\u00e7\u00f5es paral\u00edmpicas de 24 de agosto a 5 de setembro tamb\u00e9m acontecer\u00e3o sem a presen\u00e7a do p\u00fablico.<\/p>\n<p>Atualmente, a F1 est\u00e1 operando com protocolos de sa\u00fade r\u00edgidos, com equipes em &#8220;bolhas&#8221; e exames de covid-19 frequentes para todos os funcion\u00e1rios e a m\u00eddia.<\/p>\n<p>O cancelamento da prova japonesa pode dificultar o GP da Turquia, que foi acrescentado ao calend\u00e1rio no lugar da corrida de Cingapura. A competi\u00e7\u00e3o no circuito de Istanbul Park foi encaixada uma semana antes de Suzuka e uma semana depois da etapa russa de Sochi, mas pode haver novas mudan\u00e7as nas datas.<\/p>\n<p><span style=\"font-weight: 400;\">Fonte: Ag\u00eancia Brasil <\/span><\/p>\n","protected":false},"excerpt":{"rendered":"<p>O Grande Pr\u00eamio de F\u00f3rmula 1 de 2021 do Jap\u00e3o foi cancelado devido \u00e0 pandemia de covid-19 pelo segundo ano consecutivo, informaram os organizadores da corrida nesta quarta-feira. O cancelamento da prova, agendada para o final de semana de 8 a 10 de outubro no circuito de Suzuka, ocorre na esteira da desist\u00eancia da realiza\u00e7\u00e3o [&hellip;]<\/p>\n","protected":false},"author":246,"featured_media":187114,"comment_status":"closed","ping_status":"closed","sticky":false,"template":"","format":"standard","meta":{"footnotes":""},"categories":[436,257,439],"tags":[],"class_list":["post-187113","post","type-post","status-publish","format-standard","has-post-thumbnail","hentry","category-destaque-da-semana","category-esporte","category-ultima-hora"],"_links":{"self":[{"href":"https:\/\/diarioregionaldigital.com.br\/index.php?rest_route=\/wp\/v2\/posts\/187113","targetHints":{"allow":["GET"]}}],"collection":[{"href":"https:\/\/diarioregionaldigital.com.br\/index.php?rest_route=\/wp\/v2\/posts"}],"about":[{"href":"https:\/\/diarioregionaldigital.com.br\/index.php?rest_route=\/wp\/v2\/types\/post"}],"author":[{"embeddable":true,"href":"https:\/\/diarioregionaldigital.com.br\/index.php?rest_route=\/wp\/v2\/users\/246"}],"replies":[{"embeddable":true,"href":"https:\/\/diarioregionaldigital.com.br\/index.php?rest_route=%2Fwp%2Fv2%2Fcomments&post=187113"}],"version-history":[{"count":1,"href":"https:\/\/diarioregionaldigital.com.br\/index.php?rest_route=\/wp\/v2\/posts\/187113\/revisions"}],"predecessor-version":[{"id":187115,"href":"https:\/\/diarioregionaldigital.com.br\/index.php?rest_route=\/wp\/v2\/posts\/187113\/revisions\/187115"}],"wp:featuredmedia":[{"embeddable":true,"href":"https:\/\/diarioregionaldigital.com.br\/index.php?rest_route=\/wp\/v2\/media\/187114"}],"wp:attachment":[{"href":"https:\/\/diarioregionaldigital.com.br\/index.php?rest_route=%2Fwp%2Fv2%2Fmedia&parent=187113"}],"wp:term":[{"taxonomy":"category","embeddable":true,"href":"https:\/\/diarioregionaldigital.com.br\/index.php?rest_route=%2Fwp%2Fv2%2Fcategories&post=187113"},{"taxonomy":"post_tag","embeddable":true,"href":"https:\/\/diarioregionaldigital.com.br\/index.php?rest_route=%2Fwp%2Fv2%2Ftags&post=187113"}],"curies":[{"name":"wp","href":"https:\/\/api.w.org\/{rel}","templated":true}]}}