{"id":187107,"date":"2021-08-18T18:44:19","date_gmt":"2021-08-18T21:44:19","guid":{"rendered":"https:\/\/diarioregionaldigital.com.br\/?p=187107"},"modified":"2021-08-18T18:44:19","modified_gmt":"2021-08-18T21:44:19","slug":"copa-do-brasil-cbf-anuncia-datas-e-locais-da-volta-das-quartas","status":"publish","type":"post","link":"https:\/\/diarioregionaldigital.com.br\/?p=187107","title":{"rendered":"Copa do Brasil: CBF anuncia datas e locais da volta das quartas"},"content":{"rendered":"<p>A Confedera\u00e7\u00e3o Brasileira de Futebol (CBF) divulgou, no final da noite da \u00faltima ter\u00e7a-feira (17), as datas, hor\u00e1rios e locais de realiza\u00e7\u00e3o dos jogos de volta das quartas de final da Copa do Brasil. As partidas est\u00e3o marcadas para\u00a0os dias 14, 15 e 16 de setembro.<img decoding=\"async\" src=\"https:\/\/agenciabrasil.ebc.com.br\/ebc.png?id=1418895&amp;o=node\" \/><img decoding=\"async\" src=\"https:\/\/agenciabrasil.ebc.com.br\/ebc.gif?id=1418895&amp;o=node\" \/><\/p>\n<p>O primeiro confronto, que ter\u00e1 como palco o est\u00e1dio da Vila Belmiro, ser\u00e1 entre Santos e Athletico-PR, a partir das 21h30 (hor\u00e1rio de Bras\u00edlia) do dia 14. No dia 15 acontecem outros dois duelos: Flamengo e Gr\u00eamio, a partir das 21h30 no Maracan\u00e3, e Fortaleza e S\u00e3o Paulo, no mesmo hor\u00e1rio no Castel\u00e3o.<\/p>\n<p>J\u00e1 o dia 16 ter\u00e1 apenas um confronto, Atl\u00e9tico-MG e Fluminense, a partir das 21h30 no Mineir\u00e3o, em Belo Horizonte.<\/p>\n<p><strong>Jogos de ida<\/strong><\/p>\n<p>A CBF j\u00e1 havia anunciado anteriormente os detalhes dos confrontos de ida. O primeiro jogo a ser realizado ser\u00e1 entre Athletico-PR e Santos, no dia 25, a partir das 19h (hor\u00e1rio de Bras\u00edlia), na Arena da Baixada, em Curitiba. Na mesma data, a partir das 21h30, Gr\u00eamio e Flamengo medem for\u00e7as em Porto Alegre, enquanto S\u00e3o Paulo e Fortaleza se enfrentam no Morumbi, em S\u00e3o Paulo.<\/p>\n<p>O primeiro jogo entre Fluminense e Atl\u00e9tico-MG ser\u00e1\u00a0no dia 26, a partir das 21h30, no est\u00e1dio Nilton Santos, no Rio de Janeiro.<\/p>\n<p><span style=\"font-weight: 400;\">Fonte: Ag\u00eancia Brasil <\/span><\/p>\n","protected":false},"excerpt":{"rendered":"<p>A Confedera\u00e7\u00e3o Brasileira de Futebol (CBF) divulgou, no final da noite da \u00faltima ter\u00e7a-feira (17), as datas, hor\u00e1rios e locais de realiza\u00e7\u00e3o dos jogos de volta das quartas de final da Copa do Brasil. As partidas est\u00e3o marcadas para\u00a0os dias 14, 15 e 16 de setembro. O primeiro confronto, que ter\u00e1 como palco o est\u00e1dio [&hellip;]<\/p>\n","protected":false},"author":246,"featured_media":187108,"comment_status":"closed","ping_status":"closed","sticky":false,"template":"","format":"standard","meta":{"footnotes":""},"categories":[436,257,439],"tags":[],"class_list":["post-187107","post","type-post","status-publish","format-standard","has-post-thumbnail","hentry","category-destaque-da-semana","category-esporte","category-ultima-hora"],"_links":{"self":[{"href":"https:\/\/diarioregionaldigital.com.br\/index.php?rest_route=\/wp\/v2\/posts\/187107","targetHints":{"allow":["GET"]}}],"collection":[{"href":"https:\/\/diarioregionaldigital.com.br\/index.php?rest_route=\/wp\/v2\/posts"}],"about":[{"href":"https:\/\/diarioregionaldigital.com.br\/index.php?rest_route=\/wp\/v2\/types\/post"}],"author":[{"embeddable":true,"href":"https:\/\/diarioregionaldigital.com.br\/index.php?rest_route=\/wp\/v2\/users\/246"}],"replies":[{"embeddable":true,"href":"https:\/\/diarioregionaldigital.com.br\/index.php?rest_route=%2Fwp%2Fv2%2Fcomments&post=187107"}],"version-history":[{"count":1,"href":"https:\/\/diarioregionaldigital.com.br\/index.php?rest_route=\/wp\/v2\/posts\/187107\/revisions"}],"predecessor-version":[{"id":187109,"href":"https:\/\/diarioregionaldigital.com.br\/index.php?rest_route=\/wp\/v2\/posts\/187107\/revisions\/187109"}],"wp:featuredmedia":[{"embeddable":true,"href":"https:\/\/diarioregionaldigital.com.br\/index.php?rest_route=\/wp\/v2\/media\/187108"}],"wp:attachment":[{"href":"https:\/\/diarioregionaldigital.com.br\/index.php?rest_route=%2Fwp%2Fv2%2Fmedia&parent=187107"}],"wp:term":[{"taxonomy":"category","embeddable":true,"href":"https:\/\/diarioregionaldigital.com.br\/index.php?rest_route=%2Fwp%2Fv2%2Fcategories&post=187107"},{"taxonomy":"post_tag","embeddable":true,"href":"https:\/\/diarioregionaldigital.com.br\/index.php?rest_route=%2Fwp%2Fv2%2Ftags&post=187107"}],"curies":[{"name":"wp","href":"https:\/\/api.w.org\/{rel}","templated":true}]}}