{"id":187104,"date":"2021-08-18T18:40:43","date_gmt":"2021-08-18T21:40:43","guid":{"rendered":"https:\/\/diarioregionaldigital.com.br\/?p=187104"},"modified":"2021-08-18T18:40:43","modified_gmt":"2021-08-18T21:40:43","slug":"flamengo-acerta-emprestimo-de-meia-atacante-kenedy-cria-do-fluminense","status":"publish","type":"post","link":"https:\/\/diarioregionaldigital.com.br\/?p=187104","title":{"rendered":"Flamengo acerta empr\u00e9stimo de meia-atacante Kenedy, cria do Fluminense"},"content":{"rendered":"<p>O meia-atacante Kenedy foi anunciado nesta quarta-feira (18) como refor\u00e7o do Flamengo. O jogador de 25 anos, revelado no Fluminense, foi emprestado por uma temporada ao Rubro-Negro pelo Chelsea (Inglaterra), clube que defende desde 2016.<img decoding=\"async\" src=\"https:\/\/agenciabrasil.ebc.com.br\/ebc.png?id=1418898&amp;o=node\" \/><img decoding=\"async\" src=\"https:\/\/agenciabrasil.ebc.com.br\/ebc.gif?id=1418898&amp;o=node\" \/><\/p>\n<p>O nome de Kenedy precisa constar no Boletim Informativo Di\u00e1rio (BID) da Confedera\u00e7\u00e3o Brasileira de Futebol (CBF) para ficar \u00e0 disposi\u00e7\u00e3o do t\u00e9cnico Renato Ga\u00facho. Se quiser contar com o meia-atacante j\u00e1 na Copa do Brasil, o time carioca precisar\u00e1 registr\u00e1-lo at\u00e9 o pr\u00f3ximo dia 24, \u00faltimo dia \u00fatil antes do in\u00edcio das quartas de final da competi\u00e7\u00e3o.<\/p>\n<p>Kenedy estreou no profissional do Fluminense aos 17 anos, em 2013. Na ocasi\u00e3o, foi o artilheiro do Brasil no Sul-Americano sub-17, na Argentina. Dois anos depois, o meia-atacante foi negociado com o Chelsea, mas n\u00e3o se firmou no futebol europeu, com empr\u00e9stimos aos tamb\u00e9m ingleses Watford e Newcastle e aos espanh\u00f3is Getafe e Granada. A passagem neste \u00faltimo rendeu os melhores n\u00fameros na carreira at\u00e9 o momento: 44 jogos e oito gols.<\/p>\n<p>Com Kenedy, o Flamengo tenta repetir a receita que funcionou com o volante Gerson (hoje no franc\u00eas Olympique de Marselha) e com o atacante Pedro. Os dois surgiram no Fluminense com status de promessas, mas retornaram ao Brasil ap\u00f3s n\u00e3o renderem como esperado na Europa. No Rubro-Negro, por\u00e9m, destacaram-se, entrando na mira da sele\u00e7\u00e3o brasileira.<\/p>\n<p><span style=\"font-weight: 400;\"><br \/>\n<\/span><span style=\"font-weight: 400;\">Fonte: Ag\u00eancia Brasil <\/span><\/p>\n","protected":false},"excerpt":{"rendered":"<p>O meia-atacante Kenedy foi anunciado nesta quarta-feira (18) como refor\u00e7o do Flamengo. O jogador de 25 anos, revelado no Fluminense, foi emprestado por uma temporada ao Rubro-Negro pelo Chelsea (Inglaterra), clube que defende desde 2016. O nome de Kenedy precisa constar no Boletim Informativo Di\u00e1rio (BID) da Confedera\u00e7\u00e3o Brasileira de Futebol (CBF) para ficar \u00e0 [&hellip;]<\/p>\n","protected":false},"author":246,"featured_media":187105,"comment_status":"closed","ping_status":"closed","sticky":false,"template":"","format":"standard","meta":{"footnotes":""},"categories":[440,257,439],"tags":[],"class_list":["post-187104","post","type-post","status-publish","format-standard","has-post-thumbnail","hentry","category-destaques-do-dia","category-esporte","category-ultima-hora"],"_links":{"self":[{"href":"https:\/\/diarioregionaldigital.com.br\/index.php?rest_route=\/wp\/v2\/posts\/187104","targetHints":{"allow":["GET"]}}],"collection":[{"href":"https:\/\/diarioregionaldigital.com.br\/index.php?rest_route=\/wp\/v2\/posts"}],"about":[{"href":"https:\/\/diarioregionaldigital.com.br\/index.php?rest_route=\/wp\/v2\/types\/post"}],"author":[{"embeddable":true,"href":"https:\/\/diarioregionaldigital.com.br\/index.php?rest_route=\/wp\/v2\/users\/246"}],"replies":[{"embeddable":true,"href":"https:\/\/diarioregionaldigital.com.br\/index.php?rest_route=%2Fwp%2Fv2%2Fcomments&post=187104"}],"version-history":[{"count":1,"href":"https:\/\/diarioregionaldigital.com.br\/index.php?rest_route=\/wp\/v2\/posts\/187104\/revisions"}],"predecessor-version":[{"id":187106,"href":"https:\/\/diarioregionaldigital.com.br\/index.php?rest_route=\/wp\/v2\/posts\/187104\/revisions\/187106"}],"wp:featuredmedia":[{"embeddable":true,"href":"https:\/\/diarioregionaldigital.com.br\/index.php?rest_route=\/wp\/v2\/media\/187105"}],"wp:attachment":[{"href":"https:\/\/diarioregionaldigital.com.br\/index.php?rest_route=%2Fwp%2Fv2%2Fmedia&parent=187104"}],"wp:term":[{"taxonomy":"category","embeddable":true,"href":"https:\/\/diarioregionaldigital.com.br\/index.php?rest_route=%2Fwp%2Fv2%2Fcategories&post=187104"},{"taxonomy":"post_tag","embeddable":true,"href":"https:\/\/diarioregionaldigital.com.br\/index.php?rest_route=%2Fwp%2Fv2%2Ftags&post=187104"}],"curies":[{"name":"wp","href":"https:\/\/api.w.org\/{rel}","templated":true}]}}