{"id":187101,"date":"2021-08-18T18:30:41","date_gmt":"2021-08-18T21:30:41","guid":{"rendered":"https:\/\/diarioregionaldigital.com.br\/?p=187101"},"modified":"2021-08-18T18:30:41","modified_gmt":"2021-08-18T21:30:41","slug":"tcu-forma-maioria-a-favor-de-edital-do-leilao-do-5g","status":"publish","type":"post","link":"https:\/\/diarioregionaldigital.com.br\/?p=187101","title":{"rendered":"TCU forma maioria a favor de edital do leil\u00e3o do 5G"},"content":{"rendered":"<p>O Tribunal de Contas da Uni\u00e3o (TCU) formou hoje (18) maioria de votos a favor da aprova\u00e7\u00e3o do edital do leil\u00e3o do 5G.<img decoding=\"async\" src=\"https:\/\/agenciabrasil.ebc.com.br\/ebc.png?id=1418862&amp;o=node\" \/><img decoding=\"async\" src=\"https:\/\/agenciabrasil.ebc.com.br\/ebc.gif?id=1418862&amp;o=node\" \/><\/p>\n<p>As regras do edital come\u00e7aram a ser analisadas na sess\u00e3o de hoje do tribunal, mas, ap\u00f3s um pedido de vista do ministro Aroldo Cedraz, o processo foi suspenso. O prazo de vista ser\u00e1 de uma semana.<\/p>\n<p>No Twitter, o ministro das Comunica\u00e7\u00f5es, Fabio Faria, comemorou o placar do julgamento e afirmou que o 5G tornar\u00e1 o pa\u00eds mais competitivo.<\/p>\n<p>De acordo com o minist\u00e9rio, as empresas de telecomunica\u00e7\u00f5es devem colocar a tecnologia em funcionamento em julho de 2022.<\/p>\n<p>Ap\u00f3s a decis\u00e3o do TCU, o edital dever\u00e1 ser encaminhado para a Ag\u00eancia Nacional de Telecomunica\u00e7\u00f5es (Anatel), \u00f3rg\u00e3o que ser\u00e1 respons\u00e1vel pelo leil\u00e3o.<\/p>\n<p><span style=\"font-weight: 400;\"><br \/>\n<\/span><span style=\"font-weight: 400;\">Fonte: Ag\u00eancia Brasil <\/span><\/p>\n","protected":false},"excerpt":{"rendered":"<p>O Tribunal de Contas da Uni\u00e3o (TCU) formou hoje (18) maioria de votos a favor da aprova\u00e7\u00e3o do edital do leil\u00e3o do 5G. As regras do edital come\u00e7aram a ser analisadas na sess\u00e3o de hoje do tribunal, mas, ap\u00f3s um pedido de vista do ministro Aroldo Cedraz, o processo foi suspenso. O prazo de vista [&hellip;]<\/p>\n","protected":false},"author":246,"featured_media":187102,"comment_status":"closed","ping_status":"closed","sticky":false,"template":"","format":"standard","meta":{"footnotes":""},"categories":[436,254,439],"tags":[],"class_list":["post-187101","post","type-post","status-publish","format-standard","has-post-thumbnail","hentry","category-destaque-da-semana","category-politica","category-ultima-hora"],"_links":{"self":[{"href":"https:\/\/diarioregionaldigital.com.br\/index.php?rest_route=\/wp\/v2\/posts\/187101","targetHints":{"allow":["GET"]}}],"collection":[{"href":"https:\/\/diarioregionaldigital.com.br\/index.php?rest_route=\/wp\/v2\/posts"}],"about":[{"href":"https:\/\/diarioregionaldigital.com.br\/index.php?rest_route=\/wp\/v2\/types\/post"}],"author":[{"embeddable":true,"href":"https:\/\/diarioregionaldigital.com.br\/index.php?rest_route=\/wp\/v2\/users\/246"}],"replies":[{"embeddable":true,"href":"https:\/\/diarioregionaldigital.com.br\/index.php?rest_route=%2Fwp%2Fv2%2Fcomments&post=187101"}],"version-history":[{"count":1,"href":"https:\/\/diarioregionaldigital.com.br\/index.php?rest_route=\/wp\/v2\/posts\/187101\/revisions"}],"predecessor-version":[{"id":187103,"href":"https:\/\/diarioregionaldigital.com.br\/index.php?rest_route=\/wp\/v2\/posts\/187101\/revisions\/187103"}],"wp:featuredmedia":[{"embeddable":true,"href":"https:\/\/diarioregionaldigital.com.br\/index.php?rest_route=\/wp\/v2\/media\/187102"}],"wp:attachment":[{"href":"https:\/\/diarioregionaldigital.com.br\/index.php?rest_route=%2Fwp%2Fv2%2Fmedia&parent=187101"}],"wp:term":[{"taxonomy":"category","embeddable":true,"href":"https:\/\/diarioregionaldigital.com.br\/index.php?rest_route=%2Fwp%2Fv2%2Fcategories&post=187101"},{"taxonomy":"post_tag","embeddable":true,"href":"https:\/\/diarioregionaldigital.com.br\/index.php?rest_route=%2Fwp%2Fv2%2Ftags&post=187101"}],"curies":[{"name":"wp","href":"https:\/\/api.w.org\/{rel}","templated":true}]}}