{"id":187095,"date":"2021-08-18T18:25:10","date_gmt":"2021-08-18T21:25:10","guid":{"rendered":"https:\/\/diarioregionaldigital.com.br\/?p=187095"},"modified":"2021-08-18T18:25:10","modified_gmt":"2021-08-18T21:25:10","slug":"presidentes-do-senado-e-do-stf-discutem-volta-do-dialogo-entre-poderes","status":"publish","type":"post","link":"https:\/\/diarioregionaldigital.com.br\/?p=187095","title":{"rendered":"Presidentes do Senado e do STF discutem volta do di\u00e1logo entre Poderes"},"content":{"rendered":"<p>O presidente do Senado Federal, Rodrigo Pacheco, se reuniu, no in\u00edcio da tarde desta quarta-feira (18), com o presidente do Supremo Tribunal Federal (STF), Luiz Fux. Na pauta do encontro, a rela\u00e7\u00e3o entre os Poderes, sobretudo entre o Executivo e o Judici\u00e1rio.<img decoding=\"async\" src=\"https:\/\/agenciabrasil.ebc.com.br\/ebc.png?id=1418858&amp;o=node\" \/><img decoding=\"async\" src=\"https:\/\/agenciabrasil.ebc.com.br\/ebc.gif?id=1418858&amp;o=node\" \/><\/p>\n<p>Em coletiva ap\u00f3s o encontro, Rodrigo Pacheco disse que sugeriu que a ideia de uma reuni\u00e3o entre os presidentes da Rep\u00fablica, da C\u00e2mara, do Senado e do Supremo fosse retomada. \u201cPrecisamos restabelecer esse di\u00e1logo com o Executivo\u201d, disse.<\/p>\n<p>Segundo o presidente do Senado, radicalismos e extremismos s\u00e3o muito ruins para o Brasil e podem ser capazes de derrubar a democracia. De acordo com Pacheco, o presidente do STF se colocou propenso a restabelecer o di\u00e1logo e novas reuni\u00f5es devem ser marcadas. \u00a0\u201cTivemos uma conversa importante, necess\u00e1ria e que possa ser o rein\u00edcio de uma rela\u00e7\u00e3o positiva entre os Poderes para que possamos ter uma pacifica\u00e7\u00e3o nacional\u201d.<\/p>\n<p>Questionado sobre a data em que seria realizado tal encontro, o presidente do Senado disse que espera um desdobramento para os pr\u00f3ximos dias.<\/p>\n<p>Pacheco relatou que nenhum pedido de\u00a0<em>impeachment\u00a0<\/em>foi tratado durante a reuni\u00e3o. Pacheco disse que esses pedidos n\u00e3o devem ser banalizados. \u201c[O impeachment] \u00e9 um instituto grave, excepcional e tem um rol taxativo. \u00c9 preciso ter um filtro muito severo\u201d, disse. \u201cSou contr\u00e1rio a usar o\u00a0<em>impeachment\u00a0<\/em>como solu\u00e7\u00e3o de um problema\u201d.<\/p>\n<p>No \u00faltimo dia 14, o presidente Jair Bolsonaro disse que levaria ao Senado o pedido de<a href=\"https:\/\/agenciabrasil.ebc.com.br\/politica\/noticia\/2021-08\/presidente-pedira-que-senado-instaure-processo-contra-ministros-do-stf\" target=\"_blank\" rel=\"noopener\">\u00a0instaura\u00e7\u00e3o de processo de\u00a0<em>impeachment<\/em><\/a><em>\u00a0<\/em>contra os ministros Alexandre de Moraes e Lu\u00eds Roberto Barroso, do STF. J\u00e1 o STF abriu inqu\u00e9rito para investigar<a href=\"https:\/\/agenciabrasil.ebc.com.br\/justica\/noticia\/2021-08\/stf-abre-investigacao-para-apurar-ataques-legitimidade-das-eleicoes\" target=\"_blank\" rel=\"noopener\">\u00a0ataques \u00e0 legitimidade das elei\u00e7\u00f5es<\/a>.<\/p>\n<p><span style=\"font-weight: 400;\">Fonte: Ag\u00eancia Brasil <\/span><\/p>\n","protected":false},"excerpt":{"rendered":"<p>O presidente do Senado Federal, Rodrigo Pacheco, se reuniu, no in\u00edcio da tarde desta quarta-feira (18), com o presidente do Supremo Tribunal Federal (STF), Luiz Fux. Na pauta do encontro, a rela\u00e7\u00e3o entre os Poderes, sobretudo entre o Executivo e o Judici\u00e1rio. Em coletiva ap\u00f3s o encontro, Rodrigo Pacheco disse que sugeriu que a ideia [&hellip;]<\/p>\n","protected":false},"author":246,"featured_media":187096,"comment_status":"closed","ping_status":"closed","sticky":false,"template":"","format":"standard","meta":{"footnotes":""},"categories":[436,254,439],"tags":[],"class_list":["post-187095","post","type-post","status-publish","format-standard","has-post-thumbnail","hentry","category-destaque-da-semana","category-politica","category-ultima-hora"],"_links":{"self":[{"href":"https:\/\/diarioregionaldigital.com.br\/index.php?rest_route=\/wp\/v2\/posts\/187095","targetHints":{"allow":["GET"]}}],"collection":[{"href":"https:\/\/diarioregionaldigital.com.br\/index.php?rest_route=\/wp\/v2\/posts"}],"about":[{"href":"https:\/\/diarioregionaldigital.com.br\/index.php?rest_route=\/wp\/v2\/types\/post"}],"author":[{"embeddable":true,"href":"https:\/\/diarioregionaldigital.com.br\/index.php?rest_route=\/wp\/v2\/users\/246"}],"replies":[{"embeddable":true,"href":"https:\/\/diarioregionaldigital.com.br\/index.php?rest_route=%2Fwp%2Fv2%2Fcomments&post=187095"}],"version-history":[{"count":1,"href":"https:\/\/diarioregionaldigital.com.br\/index.php?rest_route=\/wp\/v2\/posts\/187095\/revisions"}],"predecessor-version":[{"id":187097,"href":"https:\/\/diarioregionaldigital.com.br\/index.php?rest_route=\/wp\/v2\/posts\/187095\/revisions\/187097"}],"wp:featuredmedia":[{"embeddable":true,"href":"https:\/\/diarioregionaldigital.com.br\/index.php?rest_route=\/wp\/v2\/media\/187096"}],"wp:attachment":[{"href":"https:\/\/diarioregionaldigital.com.br\/index.php?rest_route=%2Fwp%2Fv2%2Fmedia&parent=187095"}],"wp:term":[{"taxonomy":"category","embeddable":true,"href":"https:\/\/diarioregionaldigital.com.br\/index.php?rest_route=%2Fwp%2Fv2%2Fcategories&post=187095"},{"taxonomy":"post_tag","embeddable":true,"href":"https:\/\/diarioregionaldigital.com.br\/index.php?rest_route=%2Fwp%2Fv2%2Ftags&post=187095"}],"curies":[{"name":"wp","href":"https:\/\/api.w.org\/{rel}","templated":true}]}}