{"id":187079,"date":"2021-08-18T17:54:35","date_gmt":"2021-08-18T20:54:35","guid":{"rendered":"https:\/\/diarioregionaldigital.com.br\/?p=187079"},"modified":"2021-08-18T17:54:35","modified_gmt":"2021-08-18T20:54:35","slug":"confianca-do-empresario-do-comercio-cresce-43-em-agosto","status":"publish","type":"post","link":"https:\/\/diarioregionaldigital.com.br\/?p=187079","title":{"rendered":"Confian\u00e7a do empres\u00e1rio do com\u00e9rcio cresce 4,3% em agosto"},"content":{"rendered":"<p>O \u00cdndice de Confian\u00e7a do Empres\u00e1rio do Com\u00e9rcio (Icec) de agosto mostrou novo avan\u00e7o, com o terceiro crescimento consecutivo no ano. Dessa vez, o aumento \u00e9 de 4,3% na compara\u00e7\u00e3o com o m\u00eas anterior, alcan\u00e7ando 115 pontos, o que significa que ficou acima da zona considerada de satisfa\u00e7\u00e3o. No comparativo anual, a alta \u00e9 de 47,2%. Os n\u00fameros foram divulgados hoje (18) pela Confedera\u00e7\u00e3o Nacional do Com\u00e9rcio de Bens, Servi\u00e7os e Turismo (CNC).<img decoding=\"async\" src=\"https:\/\/agenciabrasil.ebc.com.br\/ebc.png?id=1418845&amp;o=node\" \/><img decoding=\"async\" src=\"https:\/\/agenciabrasil.ebc.com.br\/ebc.gif?id=1418845&amp;o=node\" \/><\/p>\n<p>De acordo com a entidade, \u201ca alta aparece refor\u00e7ada pela expectativa de melhoria das vendas do Dia dos Pais e da economia em geral\u201d.<\/p>\n<p>A avalia\u00e7\u00e3o indicou ainda a continua\u00e7\u00e3o da tend\u00eancia de incremento da confian\u00e7a dos empres\u00e1rios, ap\u00f3s fortes aumentos ocorridos em junho (12,2%) e julho (11,7%). Na vis\u00e3o do presidente da CNC, Jos\u00e9 Roberto Tadros, a propor\u00e7\u00e3o de pessoas vacinadas no pa\u00eds est\u00e1 diretamente ligada \u00e0 resposta do setor, mesmo que ele ainda dependa das vendas presenciais. \u201cMesmo com alta digitaliza\u00e7\u00e3o do com\u00e9rcio e ado\u00e7\u00e3o de servi\u00e7os de\u00a0<em>delivery<\/em>, seja em shopping centers ou lojas de rua, \u00e9 um segmento que tende a acompanhar essa movimenta\u00e7\u00e3o f\u00edsica de pessoas\u201d, observou.<\/p>\n<p>Segundo a CNC, o Icec vem se mantendo na zona de otimismo desde julho. O principal respons\u00e1vel pela alta, como apontam as \u00faltimas pesquisas, \u00e9 o subitem relativo \u00e0s condi\u00e7\u00f5es atuais do empres\u00e1rio do setor (10,6%), mas tamb\u00e9m com boa participa\u00e7\u00e3o do subitem sobre a percep\u00e7\u00e3o de que as condi\u00e7\u00f5es da economia melhoraram (14,9%).<\/p>\n<p>\u201cOutros fatores refor\u00e7aram esse entendimento, como o poss\u00edvel cen\u00e1rio de manuten\u00e7\u00e3o do emprego, seguido do crescimento da renda, bem como dos acr\u00e9scimos sobre o faturamento do com\u00e9rcio em decorr\u00eancia do pagamento da quarta parcela do aux\u00edlio emergencial\u201d, completou.<\/p>\n<p><strong>Otimismo continua<\/strong><\/p>\n<p>O economista da CNC respons\u00e1vel pela pesquisa, Antonio Everton, disse que o indicador aponta um segundo semestre mais positivo, com vendas impulsionadas por datas comemorativas que t\u00eam tudo para acontecer acima do ano passado. \u201cAl\u00e9m disso, h\u00e1 uma n\u00edtida sensa\u00e7\u00e3o de que as condi\u00e7\u00f5es atuais da economia evolu\u00edram at\u00e9 o momento, colocando o olhar dos comerciantes sobre a crise no espelho retrovisor\u201d, afirmou.<\/p>\n<p>O componente que se refere a expectativas dos comerciantes (151,3 pontos) \u00e9 o que se mant\u00e9m com maior dist\u00e2ncia entre os tr\u00eas que integram o Icec. Ainda dentro da zona de otimismo, na sequ\u00eancia, aparece a inten\u00e7\u00e3o de investimentos (101,7 pontos). No entanto, o sentimento quanto \u00e0 realidade dos empres\u00e1rios do com\u00e9rcio ainda se apresenta na zona de insatisfa\u00e7\u00e3o (92,1 pontos), apesar de vir crescendo ultimamente.<\/p>\n<p><span style=\"font-weight: 400;\">Fonte: Ag\u00eancia Brasil <\/span><\/p>\n","protected":false},"excerpt":{"rendered":"<p>O \u00cdndice de Confian\u00e7a do Empres\u00e1rio do Com\u00e9rcio (Icec) de agosto mostrou novo avan\u00e7o, com o terceiro crescimento consecutivo no ano. Dessa vez, o aumento \u00e9 de 4,3% na compara\u00e7\u00e3o com o m\u00eas anterior, alcan\u00e7ando 115 pontos, o que significa que ficou acima da zona considerada de satisfa\u00e7\u00e3o. No comparativo anual, a alta \u00e9 de [&hellip;]<\/p>\n","protected":false},"author":246,"featured_media":187080,"comment_status":"closed","ping_status":"closed","sticky":false,"template":"","format":"standard","meta":{"footnotes":""},"categories":[440,261,439],"tags":[],"class_list":["post-187079","post","type-post","status-publish","format-standard","has-post-thumbnail","hentry","category-destaques-do-dia","category-economia","category-ultima-hora"],"_links":{"self":[{"href":"https:\/\/diarioregionaldigital.com.br\/index.php?rest_route=\/wp\/v2\/posts\/187079","targetHints":{"allow":["GET"]}}],"collection":[{"href":"https:\/\/diarioregionaldigital.com.br\/index.php?rest_route=\/wp\/v2\/posts"}],"about":[{"href":"https:\/\/diarioregionaldigital.com.br\/index.php?rest_route=\/wp\/v2\/types\/post"}],"author":[{"embeddable":true,"href":"https:\/\/diarioregionaldigital.com.br\/index.php?rest_route=\/wp\/v2\/users\/246"}],"replies":[{"embeddable":true,"href":"https:\/\/diarioregionaldigital.com.br\/index.php?rest_route=%2Fwp%2Fv2%2Fcomments&post=187079"}],"version-history":[{"count":1,"href":"https:\/\/diarioregionaldigital.com.br\/index.php?rest_route=\/wp\/v2\/posts\/187079\/revisions"}],"predecessor-version":[{"id":187081,"href":"https:\/\/diarioregionaldigital.com.br\/index.php?rest_route=\/wp\/v2\/posts\/187079\/revisions\/187081"}],"wp:featuredmedia":[{"embeddable":true,"href":"https:\/\/diarioregionaldigital.com.br\/index.php?rest_route=\/wp\/v2\/media\/187080"}],"wp:attachment":[{"href":"https:\/\/diarioregionaldigital.com.br\/index.php?rest_route=%2Fwp%2Fv2%2Fmedia&parent=187079"}],"wp:term":[{"taxonomy":"category","embeddable":true,"href":"https:\/\/diarioregionaldigital.com.br\/index.php?rest_route=%2Fwp%2Fv2%2Fcategories&post=187079"},{"taxonomy":"post_tag","embeddable":true,"href":"https:\/\/diarioregionaldigital.com.br\/index.php?rest_route=%2Fwp%2Fv2%2Ftags&post=187079"}],"curies":[{"name":"wp","href":"https:\/\/api.w.org\/{rel}","templated":true}]}}