{"id":187069,"date":"2021-08-18T13:04:07","date_gmt":"2021-08-18T16:04:07","guid":{"rendered":"https:\/\/diarioregionaldigital.com.br\/?p=187069"},"modified":"2021-08-18T13:04:07","modified_gmt":"2021-08-18T16:04:07","slug":"estado-notifica-mais-de-4-mil-novos-casos-por-covid-19-2","status":"publish","type":"post","link":"https:\/\/diarioregionaldigital.com.br\/?p=187069","title":{"rendered":"Estado notifica mais de 4 mil novos casos por Covid-19"},"content":{"rendered":"<div class=\"evo-entry-content entry-content\">\n<p>O novo boletim epidemiol\u00f3gico publicado nesta ter\u00e7a-feira (17), pela Secretaria de Estado da Sa\u00fade de Minas Gerais (SES-MG), informa que nas \u00faltimas 24h, o estado registrou mais 4.250 novos casos por Coronav\u00edrus, totalizando 2.030.241 pessoas infectadas. Conforme o levantamento, foram contabilizadas mais 130 mortes, acumulando 52.132 vidas perdidas.<\/p>\n<p>Al\u00e9m disso, 1.932.294 pacientes est\u00e3o recuperados da doen\u00e7a, representando 91,8 % dos casos. Quanto aos dados de hospitaliza\u00e7\u00e3o, 180.228 pacientes estiveram internados e 1.850.013 estiveram em isolamento domiciliar. At\u00e9 o momento, 11.579.497 pessoas receberam a primeira dose da vacina, 4.582.080 a segunda e 470.532 receberam a dose \u00fanica.<\/p>\n<\/div>\n<div class=\"evo-single-footer\">\n<div class=\"evo-post-directions\">\n<div class=\"evo-post-directions-inner\">\n<div class=\"evo-prev-post\"><\/div>\n<\/div>\n<\/div>\n<\/div>\n","protected":false},"excerpt":{"rendered":"<p>O novo boletim epidemiol\u00f3gico publicado nesta ter\u00e7a-feira (17), pela Secretaria de Estado da Sa\u00fade de Minas Gerais (SES-MG), informa que nas \u00faltimas 24h, o estado registrou mais 4.250 novos casos por Coronav\u00edrus, totalizando 2.030.241 pessoas infectadas. Conforme o levantamento, foram contabilizadas mais 130 mortes, acumulando 52.132 vidas perdidas. Al\u00e9m disso, 1.932.294 pacientes est\u00e3o recuperados da [&hellip;]<\/p>\n","protected":false},"author":246,"featured_media":187070,"comment_status":"closed","ping_status":"closed","sticky":false,"template":"","format":"standard","meta":{"footnotes":""},"categories":[252,439],"tags":[],"class_list":["post-187069","post","type-post","status-publish","format-standard","has-post-thumbnail","hentry","category-regiao","category-ultima-hora"],"_links":{"self":[{"href":"https:\/\/diarioregionaldigital.com.br\/index.php?rest_route=\/wp\/v2\/posts\/187069","targetHints":{"allow":["GET"]}}],"collection":[{"href":"https:\/\/diarioregionaldigital.com.br\/index.php?rest_route=\/wp\/v2\/posts"}],"about":[{"href":"https:\/\/diarioregionaldigital.com.br\/index.php?rest_route=\/wp\/v2\/types\/post"}],"author":[{"embeddable":true,"href":"https:\/\/diarioregionaldigital.com.br\/index.php?rest_route=\/wp\/v2\/users\/246"}],"replies":[{"embeddable":true,"href":"https:\/\/diarioregionaldigital.com.br\/index.php?rest_route=%2Fwp%2Fv2%2Fcomments&post=187069"}],"version-history":[{"count":1,"href":"https:\/\/diarioregionaldigital.com.br\/index.php?rest_route=\/wp\/v2\/posts\/187069\/revisions"}],"predecessor-version":[{"id":187071,"href":"https:\/\/diarioregionaldigital.com.br\/index.php?rest_route=\/wp\/v2\/posts\/187069\/revisions\/187071"}],"wp:featuredmedia":[{"embeddable":true,"href":"https:\/\/diarioregionaldigital.com.br\/index.php?rest_route=\/wp\/v2\/media\/187070"}],"wp:attachment":[{"href":"https:\/\/diarioregionaldigital.com.br\/index.php?rest_route=%2Fwp%2Fv2%2Fmedia&parent=187069"}],"wp:term":[{"taxonomy":"category","embeddable":true,"href":"https:\/\/diarioregionaldigital.com.br\/index.php?rest_route=%2Fwp%2Fv2%2Fcategories&post=187069"},{"taxonomy":"post_tag","embeddable":true,"href":"https:\/\/diarioregionaldigital.com.br\/index.php?rest_route=%2Fwp%2Fv2%2Ftags&post=187069"}],"curies":[{"name":"wp","href":"https:\/\/api.w.org\/{rel}","templated":true}]}}