{"id":187059,"date":"2021-08-17T19:15:42","date_gmt":"2021-08-17T22:15:42","guid":{"rendered":"https:\/\/diarioregionaldigital.com.br\/?p=187059"},"modified":"2021-08-17T19:15:42","modified_gmt":"2021-08-17T22:15:42","slug":"procon-realiza-pesquisa-sobre-aumento-no-preco-dos-alimentos-e-impacto-para-consumidor","status":"publish","type":"post","link":"https:\/\/diarioregionaldigital.com.br\/?p=187059","title":{"rendered":"Procon realiza pesquisa sobre aumento no pre\u00e7o dos alimentos e impacto para consumidor"},"content":{"rendered":"<div id=\"box_texto_noticia\">A Ag\u00eancia de Prote\u00e7\u00e3o e Defesa do Consumidor de Juiz de Fora (Procon\/JF), da Prefeitura de Juiz de Fora (PJF), realizou pesquisa para ouvir consumidores acerca dos poss\u00edveis impactos causados pelo aumento do pre\u00e7o dos alimentos, durante a pandemia.<\/p>\n<p>Segundo informa\u00e7\u00f5es do site da Prefeitura de Juiz de Fora, a a\u00e7\u00e3o foi realizada pelo Departamento de Estudos Pesquisas e Projetos (DEPP), que foi a campo na \u00faltima sexta-feira, 13, colher informa\u00e7\u00f5es e depoimentos de consumidores que estavam realizando compras de alimentos em dois supermercados, situados na regi\u00e3o central e zona sul da cidade.<\/p>\n<p>O foco da pesquisa foi verificar se houve mudan\u00e7a nos h\u00e1bitos alimentares dos entrevistados devido ao aumento de pre\u00e7o dos alimentos e, se por esse motivo, contra\u00edram d\u00edvidas ou mesmo deixaram de arcar com pagamentos mensais para manter o padr\u00e3o alimentar.<\/p>\n<p>Os dados da pesquisa revelaram que 95% dos entrevistados tiveram aumento com o custo na alimenta\u00e7\u00e3o em 2021 e, segundo eles, os alimentos que mais impactaram nos gastos foram carne, arroz, feij\u00e3o, \u00f3leo de soja e latic\u00ednios. Devido ao aumento, 55% dos respondentes relataram, tamb\u00e9m, ter reduzido o consumo de alguns alimentos, com destaque para carne e arroz, no entanto, feij\u00e3o, latic\u00ednios e \u00f3leo tamb\u00e9m tiveram consumo diminu\u00eddo. Outro dado que chama aten\u00e7\u00e3o na pesquisa \u00e9 que 33% das pessoas deixaram de consumir carne.<\/p>\n<p>No que tange ao endividamento, uma fatia de 33% dos entrevistados afirmaram que tiveram de atrasar o pagamento de cart\u00f5es de cr\u00e9dito e, ainda, 20% relataram que contra\u00edram d\u00edvidas devido ao aumento de pre\u00e7o dos alimentos.<\/p>\n<p><b>Acesse a pesquisa completa em documento anexo.<br \/>\n<\/b><\/div>\n<div class=\"texto_anexo\"><img loading=\"lazy\" decoding=\"async\" src=\"https:\/\/www.pjf.mg.gov.br\/imagens\/clips.jpg\" width=\"22\" height=\"20\" \/>\u00a0<a href=\"https:\/\/www.pjf.mg.gov.br\/noticias\/anexo\/impacto.pdf\" target=\"_blank\" rel=\"noopener\">Veja o anexo<\/a><\/div>\n","protected":false},"excerpt":{"rendered":"<p>A Ag\u00eancia de Prote\u00e7\u00e3o e Defesa do Consumidor de Juiz de Fora (Procon\/JF), da Prefeitura de Juiz de Fora (PJF), realizou pesquisa para ouvir consumidores acerca dos poss\u00edveis impactos causados pelo aumento do pre\u00e7o dos alimentos, durante a pandemia. Segundo informa\u00e7\u00f5es do site da Prefeitura de Juiz de Fora, a a\u00e7\u00e3o foi realizada pelo Departamento [&hellip;]<\/p>\n","protected":false},"author":246,"featured_media":187060,"comment_status":"closed","ping_status":"closed","sticky":false,"template":"","format":"standard","meta":{"footnotes":""},"categories":[253,436,439],"tags":[],"class_list":["post-187059","post","type-post","status-publish","format-standard","has-post-thumbnail","hentry","category-cidade","category-destaque-da-semana","category-ultima-hora"],"_links":{"self":[{"href":"https:\/\/diarioregionaldigital.com.br\/index.php?rest_route=\/wp\/v2\/posts\/187059","targetHints":{"allow":["GET"]}}],"collection":[{"href":"https:\/\/diarioregionaldigital.com.br\/index.php?rest_route=\/wp\/v2\/posts"}],"about":[{"href":"https:\/\/diarioregionaldigital.com.br\/index.php?rest_route=\/wp\/v2\/types\/post"}],"author":[{"embeddable":true,"href":"https:\/\/diarioregionaldigital.com.br\/index.php?rest_route=\/wp\/v2\/users\/246"}],"replies":[{"embeddable":true,"href":"https:\/\/diarioregionaldigital.com.br\/index.php?rest_route=%2Fwp%2Fv2%2Fcomments&post=187059"}],"version-history":[{"count":1,"href":"https:\/\/diarioregionaldigital.com.br\/index.php?rest_route=\/wp\/v2\/posts\/187059\/revisions"}],"predecessor-version":[{"id":187061,"href":"https:\/\/diarioregionaldigital.com.br\/index.php?rest_route=\/wp\/v2\/posts\/187059\/revisions\/187061"}],"wp:featuredmedia":[{"embeddable":true,"href":"https:\/\/diarioregionaldigital.com.br\/index.php?rest_route=\/wp\/v2\/media\/187060"}],"wp:attachment":[{"href":"https:\/\/diarioregionaldigital.com.br\/index.php?rest_route=%2Fwp%2Fv2%2Fmedia&parent=187059"}],"wp:term":[{"taxonomy":"category","embeddable":true,"href":"https:\/\/diarioregionaldigital.com.br\/index.php?rest_route=%2Fwp%2Fv2%2Fcategories&post=187059"},{"taxonomy":"post_tag","embeddable":true,"href":"https:\/\/diarioregionaldigital.com.br\/index.php?rest_route=%2Fwp%2Fv2%2Ftags&post=187059"}],"curies":[{"name":"wp","href":"https:\/\/api.w.org\/{rel}","templated":true}]}}