{"id":187052,"date":"2021-08-17T19:00:54","date_gmt":"2021-08-17T22:00:54","guid":{"rendered":"https:\/\/diarioregionaldigital.com.br\/?p=187052"},"modified":"2021-08-17T19:00:54","modified_gmt":"2021-08-17T22:00:54","slug":"educadora-e-lider-comunitaria-dao-nome-a-espacos-na-praca-ceu","status":"publish","type":"post","link":"https:\/\/diarioregionaldigital.com.br\/?p=187052","title":{"rendered":"Educadora e l\u00edder comunit\u00e1ria d\u00e3o nome a espa\u00e7os na Pra\u00e7a CEU"},"content":{"rendered":"<p>Duas personalidades que marcaram a hist\u00f3ria da popula\u00e7\u00e3o da zona norte de Juiz de Fora foram homenageadas, nesta semana, dando nome a espa\u00e7os da Pra\u00e7a CEU (Centro de Artes e Esportes Unificados Coronel \u201cAdelmir Romualdo de Oliveira\u201d). A educadora Vicentina da Concei\u00e7\u00e3o Alves dos Santos batiza a Sala de Leitura do equipamento cultural. J\u00e1 a l\u00edder comunit\u00e1ria Vera Amaral \u00e9 lembrada no Espa\u00e7o de Conviv\u00eancia, que abriga m\u00faltiplas atividades culturais e esportivas, como exposi\u00e7\u00f5es, rodas de conversa e jogos de t\u00eanis de mesa. A inaugura\u00e7\u00e3o das placas aconteceu na segunda-feira, 16, com a presen\u00e7a de representantes da Funda\u00e7\u00e3o Cultural Alfredo Ferreira Lage (Funalfa), do Conselho Gestor da pra\u00e7a, al\u00e9m de familiares das homenageadas.<\/p>\n<p>Segundo informa\u00e7\u00f5es do site da Prefeitura de Juiz de Fora, a escolha dos nomes mobilizou a comunidade da regi\u00e3o, sendo realizada por meio de elei\u00e7\u00e3o direta, no per\u00edodo de 30 de outubro a 13 de novembro de 2019, com participa\u00e7\u00e3o de 168 pessoas. Vicentina obteve 87 votos e Vera Amaral, 81. Por conta da pandemia, a instala\u00e7\u00e3o das placas foi adiada, e a cerim\u00f4nia foi realizada atendendo a todos os protocolos de seguran\u00e7a da Covid-19.<\/p>\n<p>\u201cFoi lindo ver a emo\u00e7\u00e3o e reconhecer a representatividade destas mulheres para a comunidade local. Cada uma possui uma rica hist\u00f3ria social de envolvimento e comprometimento com a regi\u00e3o, al\u00e9m de um v\u00ednculo emocional\u201d, observa a gerente de Cultura e Territ\u00f3rio da Funalfa, Silv\u00e2nia Santos. O coordenador-geral da Pra\u00e7a CEU, Andr\u00e9 Noronha, fez coro. \u201cEsse foi o fechamento de um processo importante para a Zona Norte, pois, de forma democr\u00e1tica, permitiu o regaste da mem\u00f3ria de mulheres que fizeram parte da hist\u00f3ria da regi\u00e3o.\u201d<\/p>\n<p>A Pra\u00e7a CEU \u00e9 mantida pela Prefeitura de Juiz de Fora (PJF), atrav\u00e9s da Funalfa, com gest\u00e3o da Associa\u00e7\u00e3o Cultural Arte e Vida (Acav).<\/p>\n<p><b>As homenageadas<\/b><\/p>\n<p><b>Vicentina da Concei\u00e7\u00e3o Alves dos Santos<\/b>\u00a0&#8211; Nascida em S\u00e3o Jos\u00e9 das Tr\u00eas Ilhas, em 18 de agosto de 1918, Vicentina se transferiu para o Bairro Benfica em 1943, e, mesmo se formando em Direito, dedicou-se exclusivamente ao of\u00edcio de ensinar. Atuou quase que integralmente na Zona Norte de Juiz de Fora. Foi docente e vice-diretora no Grupo Escolar \u201cAlmirante Barroso\u201d. Ajudou a fundar as escolas \u201cProfessor Lopes\u201d e \u201cJos\u00e9 Saint Clair\u201d. Trabalhou no Col\u00e9gio dos Jesu\u00edtas, foi catequista na Igreja Imaculada Concei\u00e7\u00e3o, em Benfica, onde tamb\u00e9m lecionava \u00e0 noite, na educa\u00e7\u00e3o de adultos. Morreu em 26 de junho deste ano.<\/p>\n<p><b>Vera Amaral<\/b>\u00a0&#8211; Nasceu em 24 de maio de 1945. Tornou-se l\u00edder comunit\u00e1ria da Zona Norte, sempre buscando articular o desenvolvimento integral dos moradores da regi\u00e3o. Morou no bairro Ara\u00fajo, onde foi presidente da Associa\u00e7\u00e3o dos Moradores por v\u00e1rios anos. Trabalhou na extinta F\u00e1brica de Estojos e Espoletas de Artilharia do Ex\u00e9rcito (Feea) e na Amac. Desde cedo, dedicou-se a ajudar todos que a procuravam. Lutou para que os funcion\u00e1rios da Feea conseguissem comprar as casas onde moravam. Vera distribu\u00eda cestas b\u00e1sicas, emprestava camas de hospital, muletas, cadeiras de banho e de rodas, al\u00e9m de conseguir medica\u00e7\u00e3o e fraldas para acamados em situa\u00e7\u00e3o de car\u00eancia. Morreu em 8 de setembro de 2018, deixando legado de amor e solidariedade.<\/p>\n","protected":false},"excerpt":{"rendered":"<p>Duas personalidades que marcaram a hist\u00f3ria da popula\u00e7\u00e3o da zona norte de Juiz de Fora foram homenageadas, nesta semana, dando nome a espa\u00e7os da Pra\u00e7a CEU (Centro de Artes e Esportes Unificados Coronel \u201cAdelmir Romualdo de Oliveira\u201d). A educadora Vicentina da Concei\u00e7\u00e3o Alves dos Santos batiza a Sala de Leitura do equipamento cultural. J\u00e1 a [&hellip;]<\/p>\n","protected":false},"author":246,"featured_media":187053,"comment_status":"closed","ping_status":"closed","sticky":false,"template":"","format":"standard","meta":{"footnotes":""},"categories":[253,436,439],"tags":[],"class_list":["post-187052","post","type-post","status-publish","format-standard","has-post-thumbnail","hentry","category-cidade","category-destaque-da-semana","category-ultima-hora"],"_links":{"self":[{"href":"https:\/\/diarioregionaldigital.com.br\/index.php?rest_route=\/wp\/v2\/posts\/187052","targetHints":{"allow":["GET"]}}],"collection":[{"href":"https:\/\/diarioregionaldigital.com.br\/index.php?rest_route=\/wp\/v2\/posts"}],"about":[{"href":"https:\/\/diarioregionaldigital.com.br\/index.php?rest_route=\/wp\/v2\/types\/post"}],"author":[{"embeddable":true,"href":"https:\/\/diarioregionaldigital.com.br\/index.php?rest_route=\/wp\/v2\/users\/246"}],"replies":[{"embeddable":true,"href":"https:\/\/diarioregionaldigital.com.br\/index.php?rest_route=%2Fwp%2Fv2%2Fcomments&post=187052"}],"version-history":[{"count":2,"href":"https:\/\/diarioregionaldigital.com.br\/index.php?rest_route=\/wp\/v2\/posts\/187052\/revisions"}],"predecessor-version":[{"id":187055,"href":"https:\/\/diarioregionaldigital.com.br\/index.php?rest_route=\/wp\/v2\/posts\/187052\/revisions\/187055"}],"wp:featuredmedia":[{"embeddable":true,"href":"https:\/\/diarioregionaldigital.com.br\/index.php?rest_route=\/wp\/v2\/media\/187053"}],"wp:attachment":[{"href":"https:\/\/diarioregionaldigital.com.br\/index.php?rest_route=%2Fwp%2Fv2%2Fmedia&parent=187052"}],"wp:term":[{"taxonomy":"category","embeddable":true,"href":"https:\/\/diarioregionaldigital.com.br\/index.php?rest_route=%2Fwp%2Fv2%2Fcategories&post=187052"},{"taxonomy":"post_tag","embeddable":true,"href":"https:\/\/diarioregionaldigital.com.br\/index.php?rest_route=%2Fwp%2Fv2%2Ftags&post=187052"}],"curies":[{"name":"wp","href":"https:\/\/api.w.org\/{rel}","templated":true}]}}