{"id":187049,"date":"2021-08-17T18:56:35","date_gmt":"2021-08-17T21:56:35","guid":{"rendered":"https:\/\/diarioregionaldigital.com.br\/?p=187049"},"modified":"2021-08-17T18:56:35","modified_gmt":"2021-08-17T21:56:35","slug":"comite-de-preparacao-para-retomada-de-atividades-na-cidade-e-nomeado","status":"publish","type":"post","link":"https:\/\/diarioregionaldigital.com.br\/?p=187049","title":{"rendered":"Comit\u00ea de prepara\u00e7\u00e3o para retomada de atividades na cidade \u00e9 nomeado"},"content":{"rendered":"<p>A coordena\u00e7\u00e3o do programa municipal de enfrentamento \u00e0 Covid-19, \u201cJuiz de Fora pela Vida\u201d, publicou, nesta ter\u00e7a-feira, 17, nos Atos do Governo, a Portaria 4.848, com a nomea\u00e7\u00e3o de servidores para compor o \u201cComit\u00ea Especial para Prepara\u00e7\u00e3o da Retomada das Atividades Sociais e Econ\u00f4micas em Juiz de Fora\u201d. Segundo informa\u00e7\u00f5es do site da Prefeitura de Juiz de Fora, o prop\u00f3sito, de acordo com o secret\u00e1rio de Desenvolvimento Sustent\u00e1vel e Inclusivo, da Inova\u00e7\u00e3o e Competitividade (Sedic), Ignacio Delgado, \u00e9 delinear os passos a serem dados para a retomada plena das atividades no munic\u00edpio.<\/p>\n<p>\u201cO comit\u00ea envolve servidores das secretarias da Sedic, que coordena o F\u00f3rum Municipal em Defesa da Vida; de Sustentabilidade em Meio Ambiente e Atividades Urbanas (Sesmaur); de Sa\u00fade (SS); e de Turismo (Setur); para, em di\u00e1logo com entidades da sociedade civil, estabelecer procedimentos quanto a um programa de retorno das atividades, acompanhando a avalia\u00e7\u00e3o de riscos epidemiol\u00f3gicos na cidade\u201d, explica Ignacio.<\/p>\n","protected":false},"excerpt":{"rendered":"<p>A coordena\u00e7\u00e3o do programa municipal de enfrentamento \u00e0 Covid-19, \u201cJuiz de Fora pela Vida\u201d, publicou, nesta ter\u00e7a-feira, 17, nos Atos do Governo, a Portaria 4.848, com a nomea\u00e7\u00e3o de servidores para compor o \u201cComit\u00ea Especial para Prepara\u00e7\u00e3o da Retomada das Atividades Sociais e Econ\u00f4micas em Juiz de Fora\u201d. Segundo informa\u00e7\u00f5es do site da Prefeitura de [&hellip;]<\/p>\n","protected":false},"author":246,"featured_media":187050,"comment_status":"closed","ping_status":"closed","sticky":false,"template":"","format":"standard","meta":{"footnotes":""},"categories":[253,440,439],"tags":[],"class_list":["post-187049","post","type-post","status-publish","format-standard","has-post-thumbnail","hentry","category-cidade","category-destaques-do-dia","category-ultima-hora"],"_links":{"self":[{"href":"https:\/\/diarioregionaldigital.com.br\/index.php?rest_route=\/wp\/v2\/posts\/187049","targetHints":{"allow":["GET"]}}],"collection":[{"href":"https:\/\/diarioregionaldigital.com.br\/index.php?rest_route=\/wp\/v2\/posts"}],"about":[{"href":"https:\/\/diarioregionaldigital.com.br\/index.php?rest_route=\/wp\/v2\/types\/post"}],"author":[{"embeddable":true,"href":"https:\/\/diarioregionaldigital.com.br\/index.php?rest_route=\/wp\/v2\/users\/246"}],"replies":[{"embeddable":true,"href":"https:\/\/diarioregionaldigital.com.br\/index.php?rest_route=%2Fwp%2Fv2%2Fcomments&post=187049"}],"version-history":[{"count":1,"href":"https:\/\/diarioregionaldigital.com.br\/index.php?rest_route=\/wp\/v2\/posts\/187049\/revisions"}],"predecessor-version":[{"id":187051,"href":"https:\/\/diarioregionaldigital.com.br\/index.php?rest_route=\/wp\/v2\/posts\/187049\/revisions\/187051"}],"wp:featuredmedia":[{"embeddable":true,"href":"https:\/\/diarioregionaldigital.com.br\/index.php?rest_route=\/wp\/v2\/media\/187050"}],"wp:attachment":[{"href":"https:\/\/diarioregionaldigital.com.br\/index.php?rest_route=%2Fwp%2Fv2%2Fmedia&parent=187049"}],"wp:term":[{"taxonomy":"category","embeddable":true,"href":"https:\/\/diarioregionaldigital.com.br\/index.php?rest_route=%2Fwp%2Fv2%2Fcategories&post=187049"},{"taxonomy":"post_tag","embeddable":true,"href":"https:\/\/diarioregionaldigital.com.br\/index.php?rest_route=%2Fwp%2Fv2%2Ftags&post=187049"}],"curies":[{"name":"wp","href":"https:\/\/api.w.org\/{rel}","templated":true}]}}