{"id":187046,"date":"2021-08-17T18:38:20","date_gmt":"2021-08-17T21:38:20","guid":{"rendered":"https:\/\/diarioregionaldigital.com.br\/?p=187046"},"modified":"2021-08-17T18:38:20","modified_gmt":"2021-08-17T21:38:20","slug":"osaka-diz-tentar-equilibrar-carreira-esportiva-e-vida-pessoal","status":"publish","type":"post","link":"https:\/\/diarioregionaldigital.com.br\/?p=187046","title":{"rendered":"Osaka diz tentar equilibrar carreira esportiva e vida pessoal"},"content":{"rendered":"<p>A tenista Naomi Osaka interrompeu uma entrevista coletiva em Cincinnati (Estados Unidos) aos prantos, e sua rela\u00e7\u00e3o com a m\u00eddia foi colocada em questionamento por um jornalista que a acusou de usar a imprensa quando lhe conv\u00e9m.<img decoding=\"async\" src=\"https:\/\/agenciabrasil.ebc.com.br\/ebc.png?id=1418686&amp;o=node\" \/><img decoding=\"async\" src=\"https:\/\/agenciabrasil.ebc.com.br\/ebc.gif?id=1418686&amp;o=node\" \/><\/p>\n<p>Recentemente, Osaka tem tido uma rela\u00e7\u00e3o tensa com alguns setores da imprensa, dizendo que sua sa\u00fade mental sofre impactos adversos por conta de algumas linhas de questionamento.<\/p>\n<p>Por isso, nesta segunda-feira (16), quando um jornalista de Cincinnatti sugeriu que Osaka se beneficia de sua grande exposi\u00e7\u00e3o na m\u00eddia, mas n\u00e3o gosta de falar com jornalistas, a n\u00famero dois do mundo caiu em l\u00e1grimas ao tentar formular uma resposta.<\/p>\n<p>\u201cQuando voc\u00ea diz que eu n\u00e3o morro de amores por voc\u00eas, a qu\u00ea isso se refere?\u201d, perguntou Osaka, que \u00e9 de descend\u00eancia japonesa-haitiana.<\/p>\n<p>\u201cDesde que sou mais jovem, sempre houve muito interesse da imprensa em mim, e acredito que seja por conta da minha origem tamb\u00e9m\u201d, declarou a tenista, que est\u00e1 em Cincinnati para disputar um torneio nesta semana.<\/p>\n<p>\u201cN\u00e3o posso fazer muita coisa se h\u00e1 coisas que eu publico ou algumas coisas que digo que geram um monte de artigos de not\u00edcias, ou coisas assim [\u2026], mas tamb\u00e9m diria que n\u00e3o tenho muita certeza de como equilibrar as duas coisas. Estou tentando desvendar isso ao mesmo tempo em que voc\u00eas, eu diria\u201d.<\/p>\n<p>Durante a resposta, a tenista enxugou algumas l\u00e1grimas e abaixou sua viseira em cima dos olhos para esconder o rosto antes de o moderador pedir uma pausa na sess\u00e3o.<\/p>\n<p>Osaka deixou a sala rapidamente, mas voltou para completar a entrevista coletiva ap\u00f3s se recompor. O epis\u00f3dio ressalta os desafios enfrentados por Osaka como uma das atletas mais famosas do planeta.<\/p>\n<p>Antes do Aberto da Fran\u00e7a deste ano, Osaka disse que boicotaria as entrevistas coletivas obrigat\u00f3rias p\u00f3s-jogos para proteger sua sa\u00fade mental. A decis\u00e3o provocou uma repercuss\u00e3o dos organizadores do torneio, que a multaram e amea\u00e7aram bani-la caso ela se recusasse a falar com a imprensa.<\/p>\n<p>O impasse n\u00e3o apenas levou \u00e0 revela\u00e7\u00e3o de Osaka de que havia lutado contra a depress\u00e3o por v\u00e1rios anos, mas tamb\u00e9m provocou a sua desist\u00eancia das edi\u00e7\u00f5es dos torneios de Roland Garros e Wimbledon na temporada.<\/p>\n<p><span style=\"font-weight: 400;\">Fonte: Ag\u00eancia Brasil <\/span><\/p>\n","protected":false},"excerpt":{"rendered":"<p>A tenista Naomi Osaka interrompeu uma entrevista coletiva em Cincinnati (Estados Unidos) aos prantos, e sua rela\u00e7\u00e3o com a m\u00eddia foi colocada em questionamento por um jornalista que a acusou de usar a imprensa quando lhe conv\u00e9m. Recentemente, Osaka tem tido uma rela\u00e7\u00e3o tensa com alguns setores da imprensa, dizendo que sua sa\u00fade mental sofre [&hellip;]<\/p>\n","protected":false},"author":246,"featured_media":187047,"comment_status":"closed","ping_status":"closed","sticky":false,"template":"","format":"standard","meta":{"footnotes":""},"categories":[436,257,439],"tags":[],"class_list":["post-187046","post","type-post","status-publish","format-standard","has-post-thumbnail","hentry","category-destaque-da-semana","category-esporte","category-ultima-hora"],"_links":{"self":[{"href":"https:\/\/diarioregionaldigital.com.br\/index.php?rest_route=\/wp\/v2\/posts\/187046","targetHints":{"allow":["GET"]}}],"collection":[{"href":"https:\/\/diarioregionaldigital.com.br\/index.php?rest_route=\/wp\/v2\/posts"}],"about":[{"href":"https:\/\/diarioregionaldigital.com.br\/index.php?rest_route=\/wp\/v2\/types\/post"}],"author":[{"embeddable":true,"href":"https:\/\/diarioregionaldigital.com.br\/index.php?rest_route=\/wp\/v2\/users\/246"}],"replies":[{"embeddable":true,"href":"https:\/\/diarioregionaldigital.com.br\/index.php?rest_route=%2Fwp%2Fv2%2Fcomments&post=187046"}],"version-history":[{"count":1,"href":"https:\/\/diarioregionaldigital.com.br\/index.php?rest_route=\/wp\/v2\/posts\/187046\/revisions"}],"predecessor-version":[{"id":187048,"href":"https:\/\/diarioregionaldigital.com.br\/index.php?rest_route=\/wp\/v2\/posts\/187046\/revisions\/187048"}],"wp:featuredmedia":[{"embeddable":true,"href":"https:\/\/diarioregionaldigital.com.br\/index.php?rest_route=\/wp\/v2\/media\/187047"}],"wp:attachment":[{"href":"https:\/\/diarioregionaldigital.com.br\/index.php?rest_route=%2Fwp%2Fv2%2Fmedia&parent=187046"}],"wp:term":[{"taxonomy":"category","embeddable":true,"href":"https:\/\/diarioregionaldigital.com.br\/index.php?rest_route=%2Fwp%2Fv2%2Fcategories&post=187046"},{"taxonomy":"post_tag","embeddable":true,"href":"https:\/\/diarioregionaldigital.com.br\/index.php?rest_route=%2Fwp%2Fv2%2Ftags&post=187046"}],"curies":[{"name":"wp","href":"https:\/\/api.w.org\/{rel}","templated":true}]}}