{"id":187043,"date":"2021-08-17T18:36:02","date_gmt":"2021-08-17T21:36:02","guid":{"rendered":"https:\/\/diarioregionaldigital.com.br\/?p=187043"},"modified":"2021-08-17T18:36:02","modified_gmt":"2021-08-17T21:36:02","slug":"gols-no-fim-mantem-chapecoense-e-america-mg-em-baixa-no-brasileiro","status":"publish","type":"post","link":"https:\/\/diarioregionaldigital.com.br\/?p=187043","title":{"rendered":"Gols no fim mant\u00eam Chapecoense e Am\u00e9rica-MG em baixa no Brasileiro"},"content":{"rendered":"<p>Em situa\u00e7\u00f5es delicadas na tabela do Campeonato Brasileiro, Chapecoense e Am\u00e9rica-MG fizeram um jogo movimentado nesta segunda-feira (16) na Arena Cond\u00e1, em Chapec\u00f3 (SC), na conclus\u00e3o da 16\u00aa rodada do Campeonato Brasileiro. Apesar de os anfitri\u00f5es terem encerrado o duelo com um jogador a menos, o empate por 1 a 1 teve gosto amargo, j\u00e1 que o Coelho evitou o que seria o primeiro triunfo da Chape na competi\u00e7\u00e3o nos acr\u00e9scimos da etapa final.<img decoding=\"async\" src=\"https:\/\/agenciabrasil.ebc.com.br\/ebc.png?id=1418690&amp;o=node\" \/><img decoding=\"async\" src=\"https:\/\/agenciabrasil.ebc.com.br\/ebc.gif?id=1418690&amp;o=node\" \/><\/p>\n<p>Os dois times seguem na zona de rebaixamento. A situa\u00e7\u00e3o do Verd\u00e3o do Oeste \u00e9 mais cr\u00edtica, com cinco pontos e sem uma vit\u00f3ria sequer at\u00e9 o momento, restando tr\u00eas partidas para o fim da primeira fase. O time mineiro, com 15 pontos, \u00e9 o 18\u00ba colocado.<\/p>\n<p>Nos primeiros 45 minutos, os goleiros brilharam. Aos 38, o atacante Fernandinho invadiu a \u00e1rea pela esquerda, passou entre o lateral Patric e o zagueiro Eduardo Bauermann, mas Matheus Cavichioli fechou o \u00e2ngulo no momento da finaliza\u00e7\u00e3o, salvando o Am\u00e9rica. Dez minutos depois, o meia Ademir escapou da marca\u00e7\u00e3o na entrada da \u00e1rea e chutou rasteiro. A bola desviou na zaga da Chape e quase enganou Keiller, que conseguiu se esticar no canto esquerdo para espalmar.<\/p>\n<p>O \u00e1rbitro de v\u00eddeo (VAR) foi bastante acionado. Logo aos 12 minutos de jogo, o VAR recomendou a revis\u00e3o do lance ap\u00f3s o juiz Douglas Schwengber da Silva expulsar o lateral Alan Ruschel por um carrinho por tr\u00e1s no atacante Geuv\u00e2nio. O \u00e1rbitro de campo cancelou o cart\u00e3o vermelho, dando apenas amarelo ao jogador do clube mineiro.<\/p>\n<p>Na etapa final, aos 18 minutos, Schwengber foi novamente ao v\u00eddeo rever uma dividida entre os zagueiros Kadu, da Chape, e Ramon, do Am\u00e9rica. O \u00e1rbitro acabou expulsando o atleta da equipe da casa, por ter atingido o rival com o bra\u00e7o. Na cobran\u00e7a da falta originada pelo lance, Ademir lan\u00e7ou na \u00e1rea e Eduardo Bauermann desviou para as redes. Nova interven\u00e7\u00e3o do VAR, agora apontando impedimento do zagueiro americano, levando \u00e0 anula\u00e7\u00e3o do gol.<\/p>\n<p>Os goleiros, ent\u00e3o, retomaram o protagonismo da partida. Aos 28 minutos, na sobra de uma cobran\u00e7a de escanteio, o atacante Fabr\u00edcio Daniel deu uma bicicleta na entrada da pequena \u00e1rea, obrigando Keiller a uma grande defesa \u00e0 queima-roupa. No minuto seguinte, o atacante Bruno Silva foi lan\u00e7ado na \u00e1rea e bateu na sa\u00edda de Matheus Cavichioli, mas o arqueiro do Am\u00e9rica, no reflexo, salvou os visitantes com a ponta dos dedos.<\/p>\n<p>Quando o duelo caminhava para ficar marcado s\u00f3 pelas defesas e interven\u00e7\u00f5es do VAR, os minutos finais reservaram, enfim, os gols. Aos 41, o volante Anderson Leite surgiu \u00e0s costas da zaga americana e, de cabe\u00e7a, fez o gol que daria a primeira vit\u00f3ria aos catarinenses no retorno \u00e0 S\u00e9rie A. Daria. Sete minutos depois, j\u00e1 nos acr\u00e9scimos, o lateral Jo\u00e3o Paulo cruzou na pequena \u00e1rea e o atacante Rodolfo mandou para as redes, evitando o trope\u00e7o do Coelho.<\/p>\n<p>Os catarinenses tentar\u00e3o novamente a reabilita\u00e7\u00e3o no Brasileiro neste s\u00e1bado (21), \u00e0s 17h (hor\u00e1rio de Bras\u00edlia), contra o Atl\u00e9tico-GO, no est\u00e1dio Ant\u00f4nio Accioly, em Goi\u00e2nia, na abertura da 17\u00aa rodada. O Am\u00e9rica ter\u00e1 uma semana de folga e s\u00f3 volta a jogar na pr\u00f3xima segunda-feira (23), \u00e0s 20h, diante do Red Bull Bragantino, no Independ\u00eancia, em Belo Horizonte.<\/p>\n<p><span style=\"font-weight: 400;\">Fonte: Ag\u00eancia Brasil <\/span><\/p>\n","protected":false},"excerpt":{"rendered":"<p>Em situa\u00e7\u00f5es delicadas na tabela do Campeonato Brasileiro, Chapecoense e Am\u00e9rica-MG fizeram um jogo movimentado nesta segunda-feira (16) na Arena Cond\u00e1, em Chapec\u00f3 (SC), na conclus\u00e3o da 16\u00aa rodada do Campeonato Brasileiro. Apesar de os anfitri\u00f5es terem encerrado o duelo com um jogador a menos, o empate por 1 a 1 teve gosto amargo, j\u00e1 [&hellip;]<\/p>\n","protected":false},"author":246,"featured_media":187044,"comment_status":"closed","ping_status":"closed","sticky":false,"template":"","format":"standard","meta":{"footnotes":""},"categories":[436,257,439],"tags":[],"class_list":["post-187043","post","type-post","status-publish","format-standard","has-post-thumbnail","hentry","category-destaque-da-semana","category-esporte","category-ultima-hora"],"_links":{"self":[{"href":"https:\/\/diarioregionaldigital.com.br\/index.php?rest_route=\/wp\/v2\/posts\/187043","targetHints":{"allow":["GET"]}}],"collection":[{"href":"https:\/\/diarioregionaldigital.com.br\/index.php?rest_route=\/wp\/v2\/posts"}],"about":[{"href":"https:\/\/diarioregionaldigital.com.br\/index.php?rest_route=\/wp\/v2\/types\/post"}],"author":[{"embeddable":true,"href":"https:\/\/diarioregionaldigital.com.br\/index.php?rest_route=\/wp\/v2\/users\/246"}],"replies":[{"embeddable":true,"href":"https:\/\/diarioregionaldigital.com.br\/index.php?rest_route=%2Fwp%2Fv2%2Fcomments&post=187043"}],"version-history":[{"count":1,"href":"https:\/\/diarioregionaldigital.com.br\/index.php?rest_route=\/wp\/v2\/posts\/187043\/revisions"}],"predecessor-version":[{"id":187045,"href":"https:\/\/diarioregionaldigital.com.br\/index.php?rest_route=\/wp\/v2\/posts\/187043\/revisions\/187045"}],"wp:featuredmedia":[{"embeddable":true,"href":"https:\/\/diarioregionaldigital.com.br\/index.php?rest_route=\/wp\/v2\/media\/187044"}],"wp:attachment":[{"href":"https:\/\/diarioregionaldigital.com.br\/index.php?rest_route=%2Fwp%2Fv2%2Fmedia&parent=187043"}],"wp:term":[{"taxonomy":"category","embeddable":true,"href":"https:\/\/diarioregionaldigital.com.br\/index.php?rest_route=%2Fwp%2Fv2%2Fcategories&post=187043"},{"taxonomy":"post_tag","embeddable":true,"href":"https:\/\/diarioregionaldigital.com.br\/index.php?rest_route=%2Fwp%2Fv2%2Ftags&post=187043"}],"curies":[{"name":"wp","href":"https:\/\/api.w.org\/{rel}","templated":true}]}}