{"id":187040,"date":"2021-08-17T18:31:18","date_gmt":"2021-08-17T21:31:18","guid":{"rendered":"https:\/\/diarioregionaldigital.com.br\/?p=187040"},"modified":"2021-08-17T18:31:18","modified_gmt":"2021-08-17T21:31:18","slug":"cob-cancela-realizacao-dos-jogos-da-juventude","status":"publish","type":"post","link":"https:\/\/diarioregionaldigital.com.br\/?p=187040","title":{"rendered":"COB cancela realiza\u00e7\u00e3o dos Jogos da Juventude"},"content":{"rendered":"<p>O Comit\u00ea Ol\u00edmpico do Brasil (COB) anunciou nesta segunda-feira (16) que cancelou a edi\u00e7\u00e3o 2021 dos Jogos da Juventude, que aconteceria em dezembro em Aracaju, por causa da pandemia do novo coronav\u00edrus (covid-19).<img decoding=\"async\" src=\"https:\/\/agenciabrasil.ebc.com.br\/ebc.png?id=1418691&amp;o=node\" \/><img decoding=\"async\" src=\"https:\/\/agenciabrasil.ebc.com.br\/ebc.gif?id=1418691&amp;o=node\" \/><\/p>\n<p>\u201cConsiderando a gravidade da pandemia de covid-19 e a dissemina\u00e7\u00e3o de novas cepas do coronav\u00edrus, e levando-se em conta tamb\u00e9m o n\u00famero elevado de participantes [aproximadamente 5 mil] na faixa et\u00e1ria 15 a 17 anos, o COB entende que deve zelar pela integridade f\u00edsica e sa\u00fade de todos os envolvidos\u201d, diz a\u00a0<a href=\"https:\/\/www.cob.org.br\/pt\/galerias\/noticias\/nota-oficial--jogos-da-juventude-2021\/\">nota<\/a>\u00a0do COB.<\/p>\n<p>Em novembro de 2021, o tradicional evento estudantil de base do pa\u00eds, passou a se chamar Jogos da Juventude, mudan\u00e7a que aconteceu ap\u00f3s 15 anos, per\u00edodo no qual o torneio se chamava Jogos Escolares da Juventude. Antes, a competi\u00e7\u00e3o chegou a ser chamada de Jogos Ol\u00edmpicos da Juventude.<\/p>\n<p>Grandes nomes do esporte brasileiro passaram pelos antigos Jogos Escolares da Juventude, como a campe\u00e3 ol\u00edmpica Sarah Menezes e a campe\u00e3 mundial Mayra Aguiar, ambas do jud\u00f4, Hugo Calderano (t\u00eanis de mesa), Raulzinho (basquete), Ana Claudia Lemos (atletismo), Etiene Medeiros e Leonardo de Deus (nata\u00e7\u00e3o).<\/p>\n<p><span style=\"font-weight: 400;\">Fonte: Ag\u00eancia Brasil <\/span><\/p>\n","protected":false},"excerpt":{"rendered":"<p>O Comit\u00ea Ol\u00edmpico do Brasil (COB) anunciou nesta segunda-feira (16) que cancelou a edi\u00e7\u00e3o 2021 dos Jogos da Juventude, que aconteceria em dezembro em Aracaju, por causa da pandemia do novo coronav\u00edrus (covid-19). \u201cConsiderando a gravidade da pandemia de covid-19 e a dissemina\u00e7\u00e3o de novas cepas do coronav\u00edrus, e levando-se em conta tamb\u00e9m o n\u00famero [&hellip;]<\/p>\n","protected":false},"author":246,"featured_media":187041,"comment_status":"closed","ping_status":"closed","sticky":false,"template":"","format":"standard","meta":{"footnotes":""},"categories":[436,257,439],"tags":[],"class_list":["post-187040","post","type-post","status-publish","format-standard","has-post-thumbnail","hentry","category-destaque-da-semana","category-esporte","category-ultima-hora"],"_links":{"self":[{"href":"https:\/\/diarioregionaldigital.com.br\/index.php?rest_route=\/wp\/v2\/posts\/187040","targetHints":{"allow":["GET"]}}],"collection":[{"href":"https:\/\/diarioregionaldigital.com.br\/index.php?rest_route=\/wp\/v2\/posts"}],"about":[{"href":"https:\/\/diarioregionaldigital.com.br\/index.php?rest_route=\/wp\/v2\/types\/post"}],"author":[{"embeddable":true,"href":"https:\/\/diarioregionaldigital.com.br\/index.php?rest_route=\/wp\/v2\/users\/246"}],"replies":[{"embeddable":true,"href":"https:\/\/diarioregionaldigital.com.br\/index.php?rest_route=%2Fwp%2Fv2%2Fcomments&post=187040"}],"version-history":[{"count":1,"href":"https:\/\/diarioregionaldigital.com.br\/index.php?rest_route=\/wp\/v2\/posts\/187040\/revisions"}],"predecessor-version":[{"id":187042,"href":"https:\/\/diarioregionaldigital.com.br\/index.php?rest_route=\/wp\/v2\/posts\/187040\/revisions\/187042"}],"wp:featuredmedia":[{"embeddable":true,"href":"https:\/\/diarioregionaldigital.com.br\/index.php?rest_route=\/wp\/v2\/media\/187041"}],"wp:attachment":[{"href":"https:\/\/diarioregionaldigital.com.br\/index.php?rest_route=%2Fwp%2Fv2%2Fmedia&parent=187040"}],"wp:term":[{"taxonomy":"category","embeddable":true,"href":"https:\/\/diarioregionaldigital.com.br\/index.php?rest_route=%2Fwp%2Fv2%2Fcategories&post=187040"},{"taxonomy":"post_tag","embeddable":true,"href":"https:\/\/diarioregionaldigital.com.br\/index.php?rest_route=%2Fwp%2Fv2%2Ftags&post=187040"}],"curies":[{"name":"wp","href":"https:\/\/api.w.org\/{rel}","templated":true}]}}