{"id":187037,"date":"2021-08-17T18:28:42","date_gmt":"2021-08-17T21:28:42","guid":{"rendered":"https:\/\/diarioregionaldigital.com.br\/?p=187037"},"modified":"2021-08-17T18:28:42","modified_gmt":"2021-08-17T21:28:42","slug":"atleta-afega-pede-ajuda-para-disputar-paralimpiada","status":"publish","type":"post","link":"https:\/\/diarioregionaldigital.com.br\/?p=187037","title":{"rendered":"Atleta afeg\u00e3 pede ajuda para disputar Paralimp\u00edada"},"content":{"rendered":"<p>A atleta afeg\u00e3 Zakia Khudadadi pediu ajuda nesta ter\u00e7a-feira (17) enquanto tentava escapar de Cabul e ressuscitar seu sonho frustrado de se tornar a primeira mulher de seu pa\u00eds a competir em uma Paralimp\u00edada.<img decoding=\"async\" src=\"https:\/\/agenciabrasil.ebc.com.br\/ebc.png?id=1418759&amp;o=node\" \/><img decoding=\"async\" src=\"https:\/\/agenciabrasil.ebc.com.br\/ebc.gif?id=1418759&amp;o=node\" \/><\/p>\n<p>Na segunda-feira, o Comit\u00ea Paral\u00edmpico Afeg\u00e3o disse que os dois paratletas de sua na\u00e7\u00e3o n\u00e3o poder\u00e3o comparecer aos Jogos que se iniciam no dia 24 de agosto em T\u00f3quio por causa do caos que se seguiu \u00e0 tomada de poder do Taliban.<\/p>\n<p>Os insurgentes dominam as maiores cidades e agora comandam a maior parte do Afeganist\u00e3o.<\/p>\n<p>Lutadora de taekwondo, Khodadadi disse em uma mensagem de v\u00eddeo enviada de Cabul, e encaminhada \u00e0\u00a0<em>Reuters<\/em>\u00a0pelo chefe de miss\u00e3o do Comit\u00ea Paral\u00edmpico Afeg\u00e3o radicado em Londres, Arian Sadiqi, que se sente \u201caprisionada\u201d. Ela est\u00e1 hospedada com parentes, mas n\u00e3o se sente confiante para treinar, fazer compras ou saber de outras pessoas.<\/p>\n<p>Falando em farsi e traduzida pela\u00a0<em>Reuters<\/em>, ela disse se sentir um fardo adicional para familiares que n\u00e3o t\u00eam o suficiente para alimentar os pr\u00f3prios filhos.<\/p>\n<p>\u201cPe\u00e7o a todos voc\u00eas, sou uma mulher afeg\u00e3, e como representante das mulheres afeg\u00e3s pe\u00e7o a voc\u00eas que me ajudem\u201d, declarou.<\/p>\n<p>\u201cMinha inten\u00e7\u00e3o \u00e9 participar dos Jogos Paral\u00edmpicos de T\u00f3quio 2020, por favor, estendam-me a m\u00e3o e me ajudem\u201d, concluiu.<\/p>\n<p>Khudadadi e o praticante de atletismo Hossain Rasouli deveriam ter chegado \u00e0 capital japonesa nesta ter\u00e7a-feira, mas n\u00e3o conseguiram voos.<\/p>\n<p><span style=\"font-weight: 400;\">Fonte: Ag\u00eancia Brasil <\/span><\/p>\n","protected":false},"excerpt":{"rendered":"<p>A atleta afeg\u00e3 Zakia Khudadadi pediu ajuda nesta ter\u00e7a-feira (17) enquanto tentava escapar de Cabul e ressuscitar seu sonho frustrado de se tornar a primeira mulher de seu pa\u00eds a competir em uma Paralimp\u00edada. Na segunda-feira, o Comit\u00ea Paral\u00edmpico Afeg\u00e3o disse que os dois paratletas de sua na\u00e7\u00e3o n\u00e3o poder\u00e3o comparecer aos Jogos que se [&hellip;]<\/p>\n","protected":false},"author":246,"featured_media":187038,"comment_status":"closed","ping_status":"closed","sticky":false,"template":"","format":"standard","meta":{"footnotes":""},"categories":[440,257,439],"tags":[],"class_list":["post-187037","post","type-post","status-publish","format-standard","has-post-thumbnail","hentry","category-destaques-do-dia","category-esporte","category-ultima-hora"],"_links":{"self":[{"href":"https:\/\/diarioregionaldigital.com.br\/index.php?rest_route=\/wp\/v2\/posts\/187037","targetHints":{"allow":["GET"]}}],"collection":[{"href":"https:\/\/diarioregionaldigital.com.br\/index.php?rest_route=\/wp\/v2\/posts"}],"about":[{"href":"https:\/\/diarioregionaldigital.com.br\/index.php?rest_route=\/wp\/v2\/types\/post"}],"author":[{"embeddable":true,"href":"https:\/\/diarioregionaldigital.com.br\/index.php?rest_route=\/wp\/v2\/users\/246"}],"replies":[{"embeddable":true,"href":"https:\/\/diarioregionaldigital.com.br\/index.php?rest_route=%2Fwp%2Fv2%2Fcomments&post=187037"}],"version-history":[{"count":1,"href":"https:\/\/diarioregionaldigital.com.br\/index.php?rest_route=\/wp\/v2\/posts\/187037\/revisions"}],"predecessor-version":[{"id":187039,"href":"https:\/\/diarioregionaldigital.com.br\/index.php?rest_route=\/wp\/v2\/posts\/187037\/revisions\/187039"}],"wp:featuredmedia":[{"embeddable":true,"href":"https:\/\/diarioregionaldigital.com.br\/index.php?rest_route=\/wp\/v2\/media\/187038"}],"wp:attachment":[{"href":"https:\/\/diarioregionaldigital.com.br\/index.php?rest_route=%2Fwp%2Fv2%2Fmedia&parent=187037"}],"wp:term":[{"taxonomy":"category","embeddable":true,"href":"https:\/\/diarioregionaldigital.com.br\/index.php?rest_route=%2Fwp%2Fv2%2Fcategories&post=187037"},{"taxonomy":"post_tag","embeddable":true,"href":"https:\/\/diarioregionaldigital.com.br\/index.php?rest_route=%2Fwp%2Fv2%2Ftags&post=187037"}],"curies":[{"name":"wp","href":"https:\/\/api.w.org\/{rel}","templated":true}]}}