{"id":187034,"date":"2021-08-17T18:23:50","date_gmt":"2021-08-17T21:23:50","guid":{"rendered":"https:\/\/diarioregionaldigital.com.br\/?p=187034"},"modified":"2021-08-17T18:23:50","modified_gmt":"2021-08-17T21:23:50","slug":"covid-19-brasil-avalia-aplicar-dose-de-reforco-a-publico-especifico","status":"publish","type":"post","link":"https:\/\/diarioregionaldigital.com.br\/?p=187034","title":{"rendered":"Covid-19: Brasil avalia aplicar dose de refor\u00e7o a p\u00fablico espec\u00edfico"},"content":{"rendered":"<p>Parte da popula\u00e7\u00e3o brasileira dever\u00e1 receber uma terceira dose da vacina contra a Covid-19. A avalia\u00e7\u00e3o foi feita nesta segunda-feira (16) pela secret\u00e1ria de Enfrentamento \u00e0 Covid-19 do Minist\u00e9rio da Sa\u00fade, Rosana Melo.<img decoding=\"async\" src=\"https:\/\/agenciabrasil.ebc.com.br\/ebc.png?id=1418619&amp;o=node\" \/><img decoding=\"async\" src=\"https:\/\/agenciabrasil.ebc.com.br\/ebc.gif?id=1418619&amp;o=node\" \/><\/p>\n<p>Ao participar da reuni\u00e3o da Comiss\u00e3o Tempor\u00e1ria da Covid-19 do Senado, nesta segunda-feira (16), a secret\u00e1ria avaliou que a experi\u00eancia norte-americana &#8211; motivada pelo avan\u00e7o da variante Delta do v\u00edrus e pelo relaxamento de medidas sanit\u00e1rias &#8211; de mais uma dose, dever\u00e1 ser acompanhada pelo Brasil. \u00c9 o caso de pessoas com sistema imunol\u00f3gico mais fr\u00e1gil como transplantados, portadores do v\u00edrus HIV e de pacientes com c\u00e2ncer.<\/p>\n<p>\u201cTemos alguns estudos preliminares, por\u00e9m esses estudos n\u00e3o foram publicados. S\u00e3o discuss\u00f5es internas, nem podemos publicizar tanto, em respeito aos pesquisadores, por\u00e9m j\u00e1 estamos tomando decis\u00f5es em n\u00edvel de gest\u00e3o, o que fazer, o que planejar, quantificar esses grupos que precisem, a exemplo do que aconteceu na semana passada nos Estados Unidos\u201d, adiantou. Ainda segundo Rosana, no Brasil, os grupos priorit\u00e1rios, caso a estrat\u00e9gia se confirme, n\u00e3o devem ser diferentes dos priorizados nos Estados Unidos.<\/p>\n<p>Os pa\u00edses que j\u00e1 aplicam a terceira dose se basearam em estudos que indicam que a imunidade diminui com o tempo.<\/p>\n<p><strong>D\u00favidas<\/strong><\/p>\n<p>Ao responderem a perguntas dos senadores, sobre um poss\u00edvel refor\u00e7o de dose de imunizantes contra o novo coronav\u00edrus, os especialistas deixaram claro que algumas quest\u00f5es ainda est\u00e3o em an\u00e1lise. Perguntas sobre quais imunizantes poder\u00e3o ter uma terceira dose e se uma pessoa poder\u00e1 tomar o refor\u00e7o de uma vacina diferente do que tomou inicialmente, est\u00e3o nessa lista.<\/p>\n<p><strong>Delta<\/strong><\/p>\n<p>Especificamente sobre a variante Delta, a avalia\u00e7\u00e3o do Minist\u00e9rio da Sa\u00fade \u00e9 que, no Brasil, ela surgiu mais t\u00edmida, mas o panorama est\u00e1 mudando. Nesse cen\u00e1rio, o relaxamento de medidas preventivas por parte de gestores da sa\u00fade e da popula\u00e7\u00e3o t\u00eam contribu\u00eddo para o aumento do n\u00famero de casos.<\/p>\n<p>\u201cEntendemos a nossa cultura latina, mas houve um relaxamento mesmo das pessoas mais entendidas em rela\u00e7\u00e3o a isso\u201d, avaliou.<\/p>\n<p>Tamb\u00e9m durante a audi\u00eancia p\u00fablica a pesquisadora da Escola de Sa\u00fade P\u00fablica S\u00e9rgio Arouca, Margareth Dalcomo, reconheceu que alguns grupos, como idosos que tomaram a CoronaVac, pessoas com defici\u00eancia e profissionais de sa\u00fade, podem precisar do refor\u00e7o. Apesar disso, Dalcomo destacou que ainda n\u00e3o h\u00e1 estudos com robustez suficiente sobre a terceira dose.<\/p>\n<p>\u201cT\u00ednhamos parado de hospitalizar pacientes idosos e voltamos a hospitalizar. A grande maioria foi vacinada com CoronaVac\u201d, disse Margareth. A pesquisadora acrescentou que no monitoramento foi identificada a preval\u00eancia da variante Delta no Rio de Janeiro, com o aumento de interna\u00e7\u00f5es nos \u00faltimos 10 dias.<\/p>\n<p>J\u00e1 a diretora da Ag\u00eancia Nacional de Vigil\u00e2ncia Sanit\u00e1ria (Anvisa), Meiruze de Sousa Freitas, defendeu que a decis\u00e3o sobre a aplica\u00e7\u00e3o de uma dose extra da vacina contra a covid-19 seja tomada com cautela. Segundo ela, para casos de refor\u00e7o, a maioria dos pa\u00edses t\u00eam recomendado doses da mesma vacina j\u00e1 tomada, mas em algumas situa\u00e7\u00f5es a intercambialidade \u00e9 permitida.<\/p>\n<p>Ao fazer uma exposi\u00e7\u00e3o sobre como anda a discuss\u00e3o da terceira dose em outros pa\u00edses, Meiruze explicou que h\u00e1 debates no Reino Unido, Fran\u00e7a e Alemanha, que devem seguir a experi\u00eancia de Israel que j\u00e1 adotou a medida. No Chile, para a popula\u00e7\u00e3o mais velha imunizada com a CoronaVac a recomenda\u00e7\u00e3o \u00e9 de\u00a0<a href=\"https:\/\/agenciabrasil.ebc.com.br\/internacional\/noticia\/2021-08\/covid-19-chilenos-vacinados-com-coronavac-terao-dose-de-reforco\" target=\"_blank\" rel=\"noopener\">aplica\u00e7\u00e3o de uma nova dose<\/a>.\u00a0\u201cNotificamos a Pfizer na [\u00faltima] ter\u00e7a-feira e agendamos reuni\u00f5es para esta semana para discutir dados apresentados\u201d, disse. Nos Estados Unidos, a terceira dose foi autorizada para vacinas que usam RNA mensageiro, como a Pfizer e a Moderna.<\/p>\n<p>Meiruze de Souza lembrou ainda a import\u00e2ncia de que toda a popula\u00e7\u00e3o seja vacinada com pelo menos duas doses da vacina, o que ainda n\u00e3o aconteceu.<\/p>\n<p><span style=\"font-weight: 400;\">Fonte: Ag\u00eancia Brasil <\/span><\/p>\n","protected":false},"excerpt":{"rendered":"<p>Parte da popula\u00e7\u00e3o brasileira dever\u00e1 receber uma terceira dose da vacina contra a Covid-19. A avalia\u00e7\u00e3o foi feita nesta segunda-feira (16) pela secret\u00e1ria de Enfrentamento \u00e0 Covid-19 do Minist\u00e9rio da Sa\u00fade, Rosana Melo. Ao participar da reuni\u00e3o da Comiss\u00e3o Tempor\u00e1ria da Covid-19 do Senado, nesta segunda-feira (16), a secret\u00e1ria avaliou que a experi\u00eancia norte-americana &#8211; [&hellip;]<\/p>\n","protected":false},"author":246,"featured_media":187035,"comment_status":"closed","ping_status":"closed","sticky":false,"template":"","format":"standard","meta":{"footnotes":""},"categories":[436,254,439],"tags":[],"class_list":["post-187034","post","type-post","status-publish","format-standard","has-post-thumbnail","hentry","category-destaque-da-semana","category-politica","category-ultima-hora"],"_links":{"self":[{"href":"https:\/\/diarioregionaldigital.com.br\/index.php?rest_route=\/wp\/v2\/posts\/187034","targetHints":{"allow":["GET"]}}],"collection":[{"href":"https:\/\/diarioregionaldigital.com.br\/index.php?rest_route=\/wp\/v2\/posts"}],"about":[{"href":"https:\/\/diarioregionaldigital.com.br\/index.php?rest_route=\/wp\/v2\/types\/post"}],"author":[{"embeddable":true,"href":"https:\/\/diarioregionaldigital.com.br\/index.php?rest_route=\/wp\/v2\/users\/246"}],"replies":[{"embeddable":true,"href":"https:\/\/diarioregionaldigital.com.br\/index.php?rest_route=%2Fwp%2Fv2%2Fcomments&post=187034"}],"version-history":[{"count":1,"href":"https:\/\/diarioregionaldigital.com.br\/index.php?rest_route=\/wp\/v2\/posts\/187034\/revisions"}],"predecessor-version":[{"id":187036,"href":"https:\/\/diarioregionaldigital.com.br\/index.php?rest_route=\/wp\/v2\/posts\/187034\/revisions\/187036"}],"wp:featuredmedia":[{"embeddable":true,"href":"https:\/\/diarioregionaldigital.com.br\/index.php?rest_route=\/wp\/v2\/media\/187035"}],"wp:attachment":[{"href":"https:\/\/diarioregionaldigital.com.br\/index.php?rest_route=%2Fwp%2Fv2%2Fmedia&parent=187034"}],"wp:term":[{"taxonomy":"category","embeddable":true,"href":"https:\/\/diarioregionaldigital.com.br\/index.php?rest_route=%2Fwp%2Fv2%2Fcategories&post=187034"},{"taxonomy":"post_tag","embeddable":true,"href":"https:\/\/diarioregionaldigital.com.br\/index.php?rest_route=%2Fwp%2Fv2%2Ftags&post=187034"}],"curies":[{"name":"wp","href":"https:\/\/api.w.org\/{rel}","templated":true}]}}