{"id":187031,"date":"2021-08-17T18:21:59","date_gmt":"2021-08-17T21:21:59","guid":{"rendered":"https:\/\/diarioregionaldigital.com.br\/?p=187031"},"modified":"2021-08-17T18:21:59","modified_gmt":"2021-08-17T21:21:59","slug":"cpi-da-pandemia-nao-quer-investigar-corrupcao-de-verdade-diz-senador","status":"publish","type":"post","link":"https:\/\/diarioregionaldigital.com.br\/?p=187031","title":{"rendered":"CPI da Pandemia n\u00e3o quer investigar corrup\u00e7\u00e3o de verdade, diz senador"},"content":{"rendered":"<p>O senador Marcos Rog\u00e9rio (DEM-RO), vice-l\u00edder do governo no Congresso e membro da Comiss\u00e3o Parlamentar de Investiga\u00e7\u00e3o (CPI) da Covid do Senado disse nesta segunda-feira (16) que a CPI n\u00e3o quer investigar corrup\u00e7\u00e3o de verdade, citando o Cons\u00f3rcio do Nordeste e esc\u00e2ndalos ocorridos em estados como Santa Catarina, Mato Grosso e Rio de Janeiro. Ele afirmou que parlamentares governistas e independentes est\u00e3o preparando um relat\u00f3rio paralelo ao que est\u00e1 sendo elaborado pelo relator da CPI, senador Renan Calheiros (MDB-AL).<img decoding=\"async\" src=\"https:\/\/agenciabrasil.ebc.com.br\/ebc.png?id=1418692&amp;o=node\" \/><img decoding=\"async\" src=\"https:\/\/agenciabrasil.ebc.com.br\/ebc.gif?id=1418692&amp;o=node\" \/><\/p>\n<p>\u201cA CPI n\u00e3o cumprir\u00e1 seu objetivo se ela n\u00e3o produzir ali um trabalho que represente minimamente uma investiga\u00e7\u00e3o que v\u00e1 al\u00e9m do que o relator Renan [Calheiros] tem se esfor\u00e7ado para fazer neste momento, que \u00e9 o foco 100% no governo federal, no Minist\u00e9rio da Sa\u00fade. Com ele, n\u00e3o tem chance de investiga\u00e7\u00e3o do que aconteceu no Cons\u00f3rcio Nordeste, h\u00e1 uma blindagem no Cons\u00f3rcio Nordeste, n\u00e3o tem chance para investigar profundamente o que aconteceu em outros estados\u201d, disse o senador.<\/p>\n<p>Segundo Marcos Rog\u00e9rio, se depender das lideran\u00e7as da CPI, n\u00e3o haver\u00e1 investiga\u00e7\u00e3o sobre os recursos repassados pela Uni\u00e3o a estados e munic\u00edpios. \u201cEles n\u00e3o querem investigar corrup\u00e7\u00e3o de verdade, e a\u00ed ficam trabalhando em cima das narrativas. O governo Bolsonaro est\u00e1 diante do maior esc\u00e2ndalo de corrup\u00e7\u00e3o, a\u00ed quando voc\u00ea pega e vai ver, n\u00e3o tem um centavo pago. N\u00e3o h\u00e1 nada concretamente contra o governo federal no tocante \u00e0 quest\u00e3o da corrup\u00e7\u00e3o, h\u00e1 em rela\u00e7\u00e3o aos estados. No meu relat\u00f3rio, no relat\u00f3rio que n\u00f3s vamos apresentar, certamente que n\u00f3s vamos passar por tudo aquilo que n\u00f3s tivemos contato. Chegou documento, tem prova, \u00e9 poss\u00edvel produzir um relat\u00f3rio com base no que est\u00e1 ali? N\u00f3s vamos produzir, sem falar naqueles pontos que j\u00e1 falamos ao longo das oitivas at\u00e9 aqui\u201d, garantiu.<\/p>\n<p>O senador foi entrevistado no programa\u00a0<em>Sem Censura,<\/em>\u00a0da<strong>\u00a0TV Brasil<\/strong>, e falou tamb\u00e9m sobre temas como projetos para os microempres\u00e1rios, pedidos de\u00a0<em>impeachment\u00a0<\/em>de ministros de Supremo Tribunal Federal (STF) e sobre a pandemia e seus efeitos.<\/p>\n<p>Para Marcos Rog\u00e9rio,\u00a0os nomes de Andr\u00e9 Mendon\u00e7a para o Supremo e de Augusto Aras para ser reconduzido \u00e0 Procuradoria-Geral da Rep\u00fablica devem ser aprovados em sabatinas no Senado. Ele disse que os senadores governistas est\u00e3o fazendo seu trabalho neste sentido para diminuir eventuais resist\u00eancias contra os dois nomes.<\/p>\n<p>O senador tamb\u00e9m falou sobre temas que considera importante serem discutido pelo Senado, como a reforma tribut\u00e1ria. \u201c\u00c9 um tema complexo, que envolve disputas regionais, \u00e9 um tema que n\u00f3s vamos ter que continuar trabalhando, amadurecendo, tanto as propostas que est\u00e3o na C\u00e2mara quanto a PEC [proposta de emenda \u00e0 Constitui\u00e7\u00e3o] que est\u00e1 no Senado Federal. Esta semana devemos ter algumas reuni\u00f5es para tratar deste assunto. Queremos avan\u00e7ar, pelo menos garantir a simplifica\u00e7\u00e3o do sistema\u201d, garante Marcos Rog\u00e9rio, que se diz otimista de que o Senado possa avan\u00e7ar ainda mais tanto na reforma tribut\u00e1ria quanta na administrativa.<\/p>\n<p><span style=\"font-weight: 400;\">Fonte: Ag\u00eancia Brasil <\/span><\/p>\n","protected":false},"excerpt":{"rendered":"<p>O senador Marcos Rog\u00e9rio (DEM-RO), vice-l\u00edder do governo no Congresso e membro da Comiss\u00e3o Parlamentar de Investiga\u00e7\u00e3o (CPI) da Covid do Senado disse nesta segunda-feira (16) que a CPI n\u00e3o quer investigar corrup\u00e7\u00e3o de verdade, citando o Cons\u00f3rcio do Nordeste e esc\u00e2ndalos ocorridos em estados como Santa Catarina, Mato Grosso e Rio de Janeiro. Ele [&hellip;]<\/p>\n","protected":false},"author":246,"featured_media":187032,"comment_status":"closed","ping_status":"closed","sticky":false,"template":"","format":"standard","meta":{"footnotes":""},"categories":[436,254,439],"tags":[],"class_list":["post-187031","post","type-post","status-publish","format-standard","has-post-thumbnail","hentry","category-destaque-da-semana","category-politica","category-ultima-hora"],"_links":{"self":[{"href":"https:\/\/diarioregionaldigital.com.br\/index.php?rest_route=\/wp\/v2\/posts\/187031","targetHints":{"allow":["GET"]}}],"collection":[{"href":"https:\/\/diarioregionaldigital.com.br\/index.php?rest_route=\/wp\/v2\/posts"}],"about":[{"href":"https:\/\/diarioregionaldigital.com.br\/index.php?rest_route=\/wp\/v2\/types\/post"}],"author":[{"embeddable":true,"href":"https:\/\/diarioregionaldigital.com.br\/index.php?rest_route=\/wp\/v2\/users\/246"}],"replies":[{"embeddable":true,"href":"https:\/\/diarioregionaldigital.com.br\/index.php?rest_route=%2Fwp%2Fv2%2Fcomments&post=187031"}],"version-history":[{"count":1,"href":"https:\/\/diarioregionaldigital.com.br\/index.php?rest_route=\/wp\/v2\/posts\/187031\/revisions"}],"predecessor-version":[{"id":187033,"href":"https:\/\/diarioregionaldigital.com.br\/index.php?rest_route=\/wp\/v2\/posts\/187031\/revisions\/187033"}],"wp:featuredmedia":[{"embeddable":true,"href":"https:\/\/diarioregionaldigital.com.br\/index.php?rest_route=\/wp\/v2\/media\/187032"}],"wp:attachment":[{"href":"https:\/\/diarioregionaldigital.com.br\/index.php?rest_route=%2Fwp%2Fv2%2Fmedia&parent=187031"}],"wp:term":[{"taxonomy":"category","embeddable":true,"href":"https:\/\/diarioregionaldigital.com.br\/index.php?rest_route=%2Fwp%2Fv2%2Fcategories&post=187031"},{"taxonomy":"post_tag","embeddable":true,"href":"https:\/\/diarioregionaldigital.com.br\/index.php?rest_route=%2Fwp%2Fv2%2Ftags&post=187031"}],"curies":[{"name":"wp","href":"https:\/\/api.w.org\/{rel}","templated":true}]}}