{"id":187028,"date":"2021-08-17T18:18:18","date_gmt":"2021-08-17T21:18:18","guid":{"rendered":"https:\/\/diarioregionaldigital.com.br\/?p=187028"},"modified":"2021-08-17T18:18:18","modified_gmt":"2021-08-17T21:18:18","slug":"pacheco-diz-que-congresso-nao-vai-permitir-retrocessos-democraticos","status":"publish","type":"post","link":"https:\/\/diarioregionaldigital.com.br\/?p=187028","title":{"rendered":"Pacheco diz que Congresso n\u00e3o vai permitir retrocessos democr\u00e1ticos"},"content":{"rendered":"<p>O presidente do Senado\u00a0Rodrigo Pacheco (DEM-MG)\u00a0disse hoje (16) que o Congresso Nacional n\u00e3o vai permitir retrocessos nos avan\u00e7os democr\u00e1ticos conquistados no Brasil.\u00a0<img decoding=\"async\" src=\"https:\/\/agenciabrasil.ebc.com.br\/ebc.png?id=1418687&amp;o=node\" \/><img decoding=\"async\" src=\"https:\/\/agenciabrasil.ebc.com.br\/ebc.gif?id=1418687&amp;o=node\" \/><\/p>\n<p>Por meio de publica\u00e7\u00e3o nas redes sociais, Pacheco declarou ainda que o di\u00e1logo entre os poderes \u00e9 fundamental e defendeu a busca de consensos.<\/p>\n<p>&#8220;O di\u00e1logo entre os Poderes \u00e9 fundamental e n\u00e3o podemos abrir m\u00e3o dele, jamais. Fechar portas, derrubar pontes, exercer arbitrariamente suas pr\u00f3prias raz\u00f5es s\u00e3o um desservi\u00e7o ao pa\u00eds. Portanto, \u00e9 recomend\u00e1vel, nesse momento de crise, mais do que nunca, a busca de consensos e o respeito \u00e0s diferen\u00e7as. Patriotas s\u00e3o aqueles que unem o Brasil, e n\u00e3o os que querem dividi-lo. E os avan\u00e7os democr\u00e1ticos conquistados t\u00eam a vigorosa vigil\u00e2ncia do Congresso, que n\u00e3o permitir\u00e1 retrocessos&#8221;, disse.<\/p>\n<p>As declara\u00e7\u00f5es foram dadas ap\u00f3s o presidente Jair Bolsonaro afirmar, no s\u00e1bado (14), que\u00a0<a href=\"https:\/\/agenciabrasil.ebc.com.br\/politica\/noticia\/2021-08\/presidente-pedira-que-senado-instaure-processo-contra-ministros-do-stf\" target=\"_blank\" rel=\"noopener\">vai pedir ao Senado<\/a>\u00a0a abertura de um processo contra os ministros do Supremo Tribunal Federal (STF) Alexandre de Morais e Lu\u00eds Roberto Barroso, que tamb\u00e9m preside do Tribunal Superior Eleitoral (TSE).\u00a0 A medida foi anunciada nas redes sociais.<\/p>\n<p>Segundo o presidente, &#8220;de h\u00e1 muito, Moraes e Barroso extrapolam com atos os limites constitucionais\u201d.<\/p>\n<p>Hoje mais cedo, o presidente da C\u00e2mara dos Deputados\u00a0Arthur Lira (PP-AL)\u00a0postou que ser\u00e1 defensor da harmonia entre os poderes.<\/p>\n<p>&#8220;O Brasil sempre ter\u00e1 no presidente da C\u00e2mara dos Deputados um ferrenho defensor constitucional da harmonia e independ\u00eancia entre os Poderes&#8221;, declarou.<\/p>\n<p><span style=\"font-weight: 400;\">Fonte: Ag\u00eancia Brasil <\/span><\/p>\n","protected":false},"excerpt":{"rendered":"<p>O presidente do Senado\u00a0Rodrigo Pacheco (DEM-MG)\u00a0disse hoje (16) que o Congresso Nacional n\u00e3o vai permitir retrocessos nos avan\u00e7os democr\u00e1ticos conquistados no Brasil.\u00a0 Por meio de publica\u00e7\u00e3o nas redes sociais, Pacheco declarou ainda que o di\u00e1logo entre os poderes \u00e9 fundamental e defendeu a busca de consensos. &#8220;O di\u00e1logo entre os Poderes \u00e9 fundamental e n\u00e3o [&hellip;]<\/p>\n","protected":false},"author":246,"featured_media":187029,"comment_status":"closed","ping_status":"closed","sticky":false,"template":"","format":"standard","meta":{"footnotes":""},"categories":[436,254,439],"tags":[],"class_list":["post-187028","post","type-post","status-publish","format-standard","has-post-thumbnail","hentry","category-destaque-da-semana","category-politica","category-ultima-hora"],"_links":{"self":[{"href":"https:\/\/diarioregionaldigital.com.br\/index.php?rest_route=\/wp\/v2\/posts\/187028","targetHints":{"allow":["GET"]}}],"collection":[{"href":"https:\/\/diarioregionaldigital.com.br\/index.php?rest_route=\/wp\/v2\/posts"}],"about":[{"href":"https:\/\/diarioregionaldigital.com.br\/index.php?rest_route=\/wp\/v2\/types\/post"}],"author":[{"embeddable":true,"href":"https:\/\/diarioregionaldigital.com.br\/index.php?rest_route=\/wp\/v2\/users\/246"}],"replies":[{"embeddable":true,"href":"https:\/\/diarioregionaldigital.com.br\/index.php?rest_route=%2Fwp%2Fv2%2Fcomments&post=187028"}],"version-history":[{"count":1,"href":"https:\/\/diarioregionaldigital.com.br\/index.php?rest_route=\/wp\/v2\/posts\/187028\/revisions"}],"predecessor-version":[{"id":187030,"href":"https:\/\/diarioregionaldigital.com.br\/index.php?rest_route=\/wp\/v2\/posts\/187028\/revisions\/187030"}],"wp:featuredmedia":[{"embeddable":true,"href":"https:\/\/diarioregionaldigital.com.br\/index.php?rest_route=\/wp\/v2\/media\/187029"}],"wp:attachment":[{"href":"https:\/\/diarioregionaldigital.com.br\/index.php?rest_route=%2Fwp%2Fv2%2Fmedia&parent=187028"}],"wp:term":[{"taxonomy":"category","embeddable":true,"href":"https:\/\/diarioregionaldigital.com.br\/index.php?rest_route=%2Fwp%2Fv2%2Fcategories&post=187028"},{"taxonomy":"post_tag","embeddable":true,"href":"https:\/\/diarioregionaldigital.com.br\/index.php?rest_route=%2Fwp%2Fv2%2Ftags&post=187028"}],"curies":[{"name":"wp","href":"https:\/\/api.w.org\/{rel}","templated":true}]}}