{"id":187025,"date":"2021-08-17T18:13:56","date_gmt":"2021-08-17T21:13:56","guid":{"rendered":"https:\/\/diarioregionaldigital.com.br\/?p=187025"},"modified":"2021-08-17T18:13:56","modified_gmt":"2021-08-17T21:13:56","slug":"documento-sobre-covid-era-informal-e-foi-alterado-diz-auditor-do-tcu","status":"publish","type":"post","link":"https:\/\/diarioregionaldigital.com.br\/?p=187025","title":{"rendered":"Documento sobre covid era informal e foi alterado, diz auditor do TCU"},"content":{"rendered":"<p>Em depoimento \u00e0 Comiss\u00e3o Parlamentar de Inqu\u00e9rito (CPI) da Pandemia do Senado, nesta ter\u00e7a-feira (17), o auditor do Tribunal de Contas da Uni\u00e3o (TCU) Alexandre Marques explicou que redigiu um documento preliminar sobre a superestima\u00e7\u00e3o dos dados de mortes pelo novo coronav\u00edrus no pa\u00eds, sem timbre ou cabe\u00e7alho do tribunal, a partir de dados de \u00f3bitos no Portal da Transpar\u00eancia do Registro Civil. Com isso, Marques afirmou que pretendia apenas provocar um debate dentro do \u00f3rg\u00e3o.<img decoding=\"async\" src=\"https:\/\/agenciabrasil.ebc.com.br\/ebc.png?id=1418731&amp;o=node\" \/><img decoding=\"async\" src=\"https:\/\/agenciabrasil.ebc.com.br\/ebc.gif?id=1418731&amp;o=node\" \/><\/p>\n<p>Segundo Marques, o documento foi compartilhado em um arquivo de formato Word, dentro da \u00e1rea de postagens da equipe do TCU no Microsoft Teams e, por escrito, ele pediu que os colegas ficassem \u00e0 vontade para comentar, criticar ou mesmo ignorar o que ele havia escrito. O debate n\u00e3o avan\u00e7ou. O texto tamb\u00e9m foi enviado pelo servidor por WhatsApp ao seu pai, o coronel da reserva Ricardo Silva Marques, a quem ele se referiu como um confidente.<\/p>\n<p>Alexandre Marques contou \u00e0 CPI que o seu pai teria encaminhado o arquivo ao presidente Jair Bolsonaro, de quem \u00e9 amigo e ex-colega de turma na Academia Militar das Agulhas Negras. \u201cEm nenhum momento passou pela minha cabe\u00e7a que ele [o pai] compartilharia o documento em Word\u201d, disse. O servidor contou que o documento original foi editado, mas que desconhece o autor das mudan\u00e7as. \u201cA falsifica\u00e7\u00e3o foi constatada ap\u00f3s chegar ao presidente. Eu recebi uma vers\u00e3o j\u00e1 em PDF [que n\u00e3o permite edi\u00e7\u00e3o] desse arquivo, com o TCU mencionado no cabe\u00e7alho. Meu pai recebeu o arquivo em Word e mandou para o presidente. Foi usado indevidamente\u201d, detalhou Alexandre ao colegiado.<\/p>\n<p>Em junho, ao conversar com apoiadores, Bolsonaro disse que teve acesso a um relat\u00f3rio oficial do TCU que conclu\u00eda que a maior parte das mortes apontadas como decorrentes da pandemia seria na verdade em virtude de outras doen\u00e7as. O presidente sugeriu \u00e0 \u00e9poca que dados superestimados da covid-19 estariam sendo divulgados por estados interessados em receber mais verbas para o combate \u00e0 pandemia. Diante da repercuss\u00e3o da declara\u00e7\u00e3o, o TCU informou que n\u00e3o \u00e9 o autor do estudo e afastou o auditor do cargo.<\/p>\n<p>\u201cN\u00e3o era uma instru\u00e7\u00e3o processual, n\u00e3o era nada do Tribunal de Contas da Uni\u00e3o. Achei irrespons\u00e1vel vincular o nome do TCU a duas p\u00e1ginas n\u00e3o conclusivas\u201d, disse o servidor em resposta a um questionamento do relator Renan Calheiros (MDB-AL).<\/p>\n<p><strong>Pr\u00f3ximos passos<\/strong><\/p>\n<p>Na reuni\u00e3o de hoje, o relator da comiss\u00e3o confirmou que a acarea\u00e7\u00e3o, marcada para amanh\u00e3 18), entre o atual ministro do Trabalho, Onyx Lorenzoni, e o deputado federal Luis Miranda (DEM-DF) foi cancelada. Os depoimentos foram aprovados na semana passada, mas, na avalia\u00e7\u00e3o dos senadores que comandam a CPI, n\u00e3o acrescentariam fatos novos para a investiga\u00e7\u00e3o. Segundo Renan, a comiss\u00e3o est\u00e1 \u201cem reta final\u201d e o relat\u00f3rio dever\u00e1 ser entregue no m\u00eas que vem.<\/p>\n<p>A CPI da Pandemia deve ouvir amanh\u00e3 (18), \u00e0s 9h30, T\u00falio Silveira, advogado da Precisa Medicamentos. Ele \u00e9 o representante legal da empresa na negocia\u00e7\u00e3o da vacina indiana Covaxin, da Bharat Biotech, com o Minist\u00e9rio da Sa\u00fade.<\/p>\n<p><span style=\"font-weight: 400;\"><br \/>\n<\/span><span style=\"font-weight: 400;\">Fonte: Ag\u00eancia Brasil <\/span><\/p>\n","protected":false},"excerpt":{"rendered":"<p>Em depoimento \u00e0 Comiss\u00e3o Parlamentar de Inqu\u00e9rito (CPI) da Pandemia do Senado, nesta ter\u00e7a-feira (17), o auditor do Tribunal de Contas da Uni\u00e3o (TCU) Alexandre Marques explicou que redigiu um documento preliminar sobre a superestima\u00e7\u00e3o dos dados de mortes pelo novo coronav\u00edrus no pa\u00eds, sem timbre ou cabe\u00e7alho do tribunal, a partir de dados de [&hellip;]<\/p>\n","protected":false},"author":246,"featured_media":187026,"comment_status":"closed","ping_status":"closed","sticky":false,"template":"","format":"standard","meta":{"footnotes":""},"categories":[440,254,439],"tags":[],"class_list":["post-187025","post","type-post","status-publish","format-standard","has-post-thumbnail","hentry","category-destaques-do-dia","category-politica","category-ultima-hora"],"_links":{"self":[{"href":"https:\/\/diarioregionaldigital.com.br\/index.php?rest_route=\/wp\/v2\/posts\/187025","targetHints":{"allow":["GET"]}}],"collection":[{"href":"https:\/\/diarioregionaldigital.com.br\/index.php?rest_route=\/wp\/v2\/posts"}],"about":[{"href":"https:\/\/diarioregionaldigital.com.br\/index.php?rest_route=\/wp\/v2\/types\/post"}],"author":[{"embeddable":true,"href":"https:\/\/diarioregionaldigital.com.br\/index.php?rest_route=\/wp\/v2\/users\/246"}],"replies":[{"embeddable":true,"href":"https:\/\/diarioregionaldigital.com.br\/index.php?rest_route=%2Fwp%2Fv2%2Fcomments&post=187025"}],"version-history":[{"count":1,"href":"https:\/\/diarioregionaldigital.com.br\/index.php?rest_route=\/wp\/v2\/posts\/187025\/revisions"}],"predecessor-version":[{"id":187027,"href":"https:\/\/diarioregionaldigital.com.br\/index.php?rest_route=\/wp\/v2\/posts\/187025\/revisions\/187027"}],"wp:featuredmedia":[{"embeddable":true,"href":"https:\/\/diarioregionaldigital.com.br\/index.php?rest_route=\/wp\/v2\/media\/187026"}],"wp:attachment":[{"href":"https:\/\/diarioregionaldigital.com.br\/index.php?rest_route=%2Fwp%2Fv2%2Fmedia&parent=187025"}],"wp:term":[{"taxonomy":"category","embeddable":true,"href":"https:\/\/diarioregionaldigital.com.br\/index.php?rest_route=%2Fwp%2Fv2%2Fcategories&post=187025"},{"taxonomy":"post_tag","embeddable":true,"href":"https:\/\/diarioregionaldigital.com.br\/index.php?rest_route=%2Fwp%2Fv2%2Ftags&post=187025"}],"curies":[{"name":"wp","href":"https:\/\/api.w.org\/{rel}","templated":true}]}}